{"id":995,"date":"2022-10-24T18:05:21","date_gmt":"2022-10-24T21:05:21","guid":{"rendered":"https:\/\/www.paparazzinews.com.br\/?p=995"},"modified":"2022-10-24T18:05:22","modified_gmt":"2022-10-24T21:05:22","slug":"projeto-renovo-vai-receber-horta-comunitaria-em-andradina","status":"publish","type":"post","link":"https:\/\/www.paparazzinews.com.br\/?p=995","title":{"rendered":"Projeto Renovo vai receber Horta Comunit\u00e1ria em Andradina"},"content":{"rendered":"\n<p>O projeto Renovo ser\u00e1 a segunda entidade a receber o Programa de Hortas Comunit\u00e1rias do Governo de Andradina. O local da horta est\u00e1 sendo \u00b4preparado ao lado da sede da entidade na Avenida Rio Grande do Sul e vai beneficias centenas de pessoas.<\/p>\n\n\n\n<p>Segundo a secret\u00e1ria de Agricultura e Meio Ambiente Leila Rodrigues, a\u00e7\u00f5es que tamb\u00e9m envolvem a Secretaria de Obras P\u00fablicas v\u00e3o preparar todo o local e as pessoas v\u00e3o ser preparadas para o cultivo de hortali\u00e7as.<\/p>\n\n\n\n<p>\u201cA produ\u00e7\u00e3o vai direto para a mesa das pessoas atendidas pelo Renovo melhorando a nutri\u00e7\u00e3o de centenas de pessoas com produtos org\u00e2nicos que fazem muito bem \u00e1 sa\u00fade\u201d, disse Leila.<\/p>\n\n\n\n<p><strong>Casa da Sopa<\/strong><br>A primeira horta comunit\u00e1ria foi instalada na Casa da Sopa e atende aproximadamente 150 pessoas semanalmente, com tr\u00eas refei\u00e7\u00f5es completas e um caf\u00e9 da manh\u00e3 aos domingos.<br>O espa\u00e7o \u00e9 um lugar acolhedor que sobrevive de doa\u00e7\u00f5es para poder atender as fam\u00edlias que tem na Casa da Sopa um ponto de garantia de seguran\u00e7a alimentar.<\/p>\n\n\n\n<p>\u201cVimos o quanto \u00e9 dif\u00edcil para entidade, al\u00e9m de comprar os alimentos b\u00e1sicos como o arroz, o feij\u00e3o, macarr\u00e3o ou uma carne, tamb\u00e9m comprar legumes e verduras ent\u00e3o implantamos o primeiro projeto aqui na entidade casa da sopa para que possa enriquecer alimenta\u00e7\u00e3o dessas fam\u00edlias&#8221;, explicou a secret\u00e1ria de Agricultura, Meio Ambiente, Produ\u00e7\u00e3o e Agricultura familiar, Leila Rodrigues.<\/p>\n\n\n\n<p>A secret\u00e1ria garante que com o plantio e replantio a produ\u00e7\u00e3o vai aumentar e al\u00e9m da refei\u00e7\u00e3o pronta, as fam\u00edlias ainda poder\u00e3o levar para casa um kit de produtos &#8220;verdes&#8221;. A sobra da produ\u00e7\u00e3o tamb\u00e9m pode ser vendida gerando recursos para a Casa da Sopa&#8221;, disse Leila, garantindo que o projeto ser\u00e1 ampliado para todos os bairros da cidade e tamb\u00e9m para outras entidades similares.<\/p>\n","protected":false},"excerpt":{"rendered":"<p>O projeto Renovo ser\u00e1 a segunda entidade a receber o Programa de Hortas Comunit\u00e1rias do Governo de Andradina. O local da horta est\u00e1 sendo \u00b4preparado ao lado da sede da entidade na Avenida Rio Grande do Sul e vai beneficias centenas de pessoas. Segundo a secret\u00e1ria de Agricultura e Meio Ambiente Leila Rodrigues, a\u00e7\u00f5es que &hellip;<\/p>\n","protected":false},"author":1,"featured_media":996,"comment_status":"open","ping_status":"open","sticky":false,"template":"","format":"standard","meta":{"_jetpack_memberships_contains_paid_content":false,"footnotes":"","jetpack_publicize_message":"","jetpack_publicize_feature_enabled":true,"jetpack_social_post_already_shared":false,"jetpack_social_options":{"image_generator_settings":{"template":"highway","default_image_id":0,"enabled":false},"version":2}},"categories":[4],"tags":[],"class_list":["post-995","post","type-post","status-publish","format-standard","has-post-thumbnail","hentry","category-regiao"],"jetpack_publicize_connections":[],"jetpack_featured_media_url":"https:\/\/i0.wp.com\/www.paparazzinews.com.br\/wp-content\/uploads\/2022\/10\/72d8aaa2-af7a-4a28-8d5c-457f4451c3fc-e1666645508755.jpg?fit=1000%2C750&ssl=1","views":"3438","jetpack_likes_enabled":true,"jetpack_sharing_enabled":true,"_links":{"self":[{"href":"https:\/\/www.paparazzinews.com.br\/index.php?rest_route=\/wp\/v2\/posts\/995","targetHints":{"allow":["GET"]}}],"collection":[{"href":"https:\/\/www.paparazzinews.com.br\/index.php?rest_route=\/wp\/v2\/posts"}],"about":[{"href":"https:\/\/www.paparazzinews.com.br\/index.php?rest_route=\/wp\/v2\/types\/post"}],"author":[{"embeddable":true,"href":"https:\/\/www.paparazzinews.com.br\/index.php?rest_route=\/wp\/v2\/users\/1"}],"replies":[{"embeddable":true,"href":"https:\/\/www.paparazzinews.com.br\/index.php?rest_route=%2Fwp%2Fv2%2Fcomments&post=995"}],"version-history":[{"count":1,"href":"https:\/\/www.paparazzinews.com.br\/index.php?rest_route=\/wp\/v2\/posts\/995\/revisions"}],"predecessor-version":[{"id":997,"href":"https:\/\/www.paparazzinews.com.br\/index.php?rest_route=\/wp\/v2\/posts\/995\/revisions\/997"}],"wp:featuredmedia":[{"embeddable":true,"href":"https:\/\/www.paparazzinews.com.br\/index.php?rest_route=\/wp\/v2\/media\/996"}],"wp:attachment":[{"href":"https:\/\/www.paparazzinews.com.br\/index.php?rest_route=%2Fwp%2Fv2%2Fmedia&parent=995"}],"wp:term":[{"taxonomy":"category","embeddable":true,"href":"https:\/\/www.paparazzinews.com.br\/index.php?rest_route=%2Fwp%2Fv2%2Fcategories&post=995"},{"taxonomy":"post_tag","embeddable":true,"href":"https:\/\/www.paparazzinews.com.br\/index.php?rest_route=%2Fwp%2Fv2%2Ftags&post=995"}],"curies":[{"name":"wp","href":"https:\/\/api.w.org\/{rel}","templated":true}]}}