{"id":9930,"date":"2024-05-24T19:56:16","date_gmt":"2024-05-24T22:56:16","guid":{"rendered":"https:\/\/www.paparazzinews.com.br\/?p=9930"},"modified":"2024-05-24T19:56:17","modified_gmt":"2024-05-24T22:56:17","slug":"registro-unificado-de-ocorrencia-grupo-de-trabalho-recebe-pesquisador-para-discutir-implantacao","status":"publish","type":"post","link":"https:\/\/www.paparazzinews.com.br\/?p=9930","title":{"rendered":"Registro Unificado de Ocorr\u00eancia: grupo de trabalho recebe pesquisador para discutir implanta\u00e7\u00e3o"},"content":{"rendered":"\n<p>O pesquisador Leandro Piquet Carneiro, coordenador da Escola de Seguran\u00e7a Multidimensional da Universidade de S\u00e3o Paulo, participou nesta sexta-feira (17) das discuss\u00f5es da proposta sobre a implanta\u00e7\u00e3o do Registro Unificado de Ocorr\u00eancia no Estado de S\u00e3o Paulo.<\/p>\n\n\n\n<p>O grupo de trabalho foi criado com o objetivo de discutir quest\u00f5es legais, a aplica\u00e7\u00e3o da nova medida e as atribui\u00e7\u00f5es de cada institui\u00e7\u00e3o, dentre elas, a possibilidade da lavratura do Termo Circunstanciado (TC) pela Pol\u00edcia Militar. A iniciativa partiu da Secretaria da Seguran\u00e7a P\u00fablica. Ao final dos estudos, a equipe \u201cter\u00e1 uma decis\u00e3o t\u00e9cnica&#8221; sobre a implanta\u00e7\u00e3o do sistema, que ser\u00e1 avaliada pelo governo.<\/p>\n\n\n\n<p>Na avalia\u00e7\u00e3o do pesquisador, novos sistemas de informa\u00e7\u00f5es podem produzir um aumento significativo tanto de efici\u00eancia quanto da efic\u00e1cia das institui\u00e7\u00f5es p\u00fablicas na \u00e1rea da seguran\u00e7a. \u201c\u00c9 uma discuss\u00e3o muito importante para a sociedade, porque na medida que o sistema de registro de ocorr\u00eancia avan\u00e7a, fica mais eficiente e transparente, a popula\u00e7\u00e3o \u00e9 melhor informada sobre os crimes que est\u00e3o acontecendo, as pol\u00edcias respondem de forma mais inteligente com planejamento e a melhoria das investiga\u00e7\u00f5es\u201d, observa Carneiro.<\/p>\n\n\n\n<p>Na avalia\u00e7\u00e3o do grupo, que ainda est\u00e1 recebendo sugest\u00f5es e discutindo a proposta, o TC torna-se uma ferramenta estrat\u00e9gica de melhoria do fluxo de entrada de dados, auxiliando o estado a combater a subnotifica\u00e7\u00e3o de eventos de interesse da seguran\u00e7a p\u00fablica que, na maioria das vezes, n\u00e3o chega ao conhecimento das autoridades. \u201cQuanto mais registros, mais preciso ser\u00e1 o trabalho policial, diminuindo a subnotifica\u00e7\u00e3o\u201d, avalia o pesquisador. \u201cIsso traz a v\u00edtima para dentro do aparato estatal.\u201d<\/p>\n\n\n\n<p>A ideia do encontro \u00e9 ampliar a discuss\u00e3o para al\u00e9m da estrutura policial, com a participa\u00e7\u00e3o de pesquisadores e outros membros da sociedade civil de modo que possam colaborar com sugest\u00f5es para aprimorar a proposta debatida pelo grupo de trabalho.<\/p>\n\n\n\n<p>Conforme levantamento da Pol\u00edcia Civil, os casos de porte de drogas, les\u00e3o corporal culposa (sem inten\u00e7\u00e3o), desacato e amea\u00e7a foram as principais ocorr\u00eancias que geraram registros de TCs nas delegacias no ano passado. Na base de dados da Pol\u00edcia Militar, a maioria das chamadas recebidas via 190 foi por perturba\u00e7\u00e3o de sossego p\u00fablico em 2023.<\/p>\n\n\n\n<p>H\u00e1 o entendimento de que o registro do TC ser\u00e1 mais uma ferramenta para que a equipe policial ofere\u00e7a ao cidad\u00e3o uma solu\u00e7\u00e3o no momento do atendimento da ocorr\u00eancia. \u201cEnt\u00e3o, o gargalo da seguran\u00e7a p\u00fablica \u00e9 justamente a inclus\u00e3o da v\u00edtima nesse sistema, no processo de registro de ocorr\u00eancia. \u00c9 nessa base que essa discuss\u00e3o impacta toda a sociedade\u201d, completa o pesquisador.<\/p>\n\n\n\n<p>Segundo o coordenador do grupo de trabalho, Rafael Ramos, subsecret\u00e1rio de acompanhamento de projetos estrat\u00e9gicos da SSP, \u00e9 fundamental a participa\u00e7\u00e3o da comunidade acad\u00eamica nesta fase de constru\u00e7\u00e3o de consenso entre as for\u00e7as policiais, pois \u201cjoga luz na discuss\u00e3o\u201d a partir de uma perspectiva diferente. &#8220;\u00c0 medida em que mais registros de ocorr\u00eancias forem sendo admitidos pelo poder p\u00fablico, mais dados e mais elementos de investiga\u00e7\u00e3o estar\u00e3o dispon\u00edveis para a autoridade policial realizar as investiga\u00e7\u00f5es&#8221;, explica. &#8220;Este \u00e9 s\u00f3 um exemplo dos benef\u00edcios que o registro unificado poder\u00e1 trazer para a popula\u00e7\u00e3o. Imagine a quantidade de assuntos policiais que est\u00e3o registrados em diversos bancos de dados e que n\u00e3o s\u00e3o de f\u00e1cil acesso dos gestores de pol\u00edcia&#8221;, questiona o subsecret\u00e1rio.<\/p>\n\n\n\n<p>O Grupo de trabalho foi institu\u00eddo por meio da Resolu\u00e7\u00e3o SSP n\u00ba 19, de 22 de abril de 2024 e tem dura\u00e7\u00e3o de 45 dias para a apresenta\u00e7\u00e3o do relat\u00f3rio final contendo suas conclus\u00f5es e recomenda\u00e7\u00f5es.<\/p>\n\n\n\n<p><strong><em><strong><em><strong><em><strong><em><strong><em><strong><em><strong><em><strong><em><strong>Siga nossas redes sociais no\u00a0<a href=\"https:\/\/www.instagram.com\/ronipaparazzi\/\">Instagram\u00a0<\/a>e\u00a0<a href=\"https:\/\/www.facebook.com\/ronipaparazzicomvoce\">Facebook<\/a>\u00a0participe da nossa comunidade do Canal Roni Paparazzi no Whatsapp e receba as principais not\u00edcias do dia direto no seu celular.<\/strong>\u00a0<a href=\"https:\/\/chat.whatsapp.com\/GsG1XKo0jPOEfjzudWQcml\" target=\"_blank\" rel=\"noreferrer noopener\">\u00a0Clique aqui e se inscreva.<\/a><\/em><\/strong><\/em><\/strong><\/em><\/strong><\/em><\/strong><\/em><\/strong><\/em><\/strong><\/em><\/strong><\/em><\/strong><\/p>\n","protected":false},"excerpt":{"rendered":"<p>O pesquisador Leandro Piquet Carneiro, coordenador da Escola de Seguran\u00e7a Multidimensional da Universidade de S\u00e3o Paulo, participou nesta sexta-feira (17) das discuss\u00f5es da proposta sobre a implanta\u00e7\u00e3o do Registro Unificado de Ocorr\u00eancia no Estado de S\u00e3o Paulo. O grupo de trabalho foi criado com o objetivo de discutir quest\u00f5es legais, a aplica\u00e7\u00e3o da nova medida &hellip;<\/p>\n","protected":false},"author":1,"featured_media":9931,"comment_status":"open","ping_status":"open","sticky":false,"template":"","format":"standard","meta":{"_jetpack_memberships_contains_paid_content":false,"footnotes":"","jetpack_publicize_message":"","jetpack_publicize_feature_enabled":true,"jetpack_social_post_already_shared":false,"jetpack_social_options":{"image_generator_settings":{"template":"highway","default_image_id":0,"enabled":false},"version":2}},"categories":[3],"tags":[],"class_list":["post-9930","post","type-post","status-publish","format-standard","has-post-thumbnail","hentry","category-policial"],"jetpack_publicize_connections":[],"jetpack_featured_media_url":"https:\/\/i0.wp.com\/www.paparazzinews.com.br\/wp-content\/uploads\/2024\/05\/00054670.jpeg?fit=1600%2C1066&ssl=1","views":"2342","jetpack_likes_enabled":true,"jetpack_sharing_enabled":true,"_links":{"self":[{"href":"https:\/\/www.paparazzinews.com.br\/index.php?rest_route=\/wp\/v2\/posts\/9930","targetHints":{"allow":["GET"]}}],"collection":[{"href":"https:\/\/www.paparazzinews.com.br\/index.php?rest_route=\/wp\/v2\/posts"}],"about":[{"href":"https:\/\/www.paparazzinews.com.br\/index.php?rest_route=\/wp\/v2\/types\/post"}],"author":[{"embeddable":true,"href":"https:\/\/www.paparazzinews.com.br\/index.php?rest_route=\/wp\/v2\/users\/1"}],"replies":[{"embeddable":true,"href":"https:\/\/www.paparazzinews.com.br\/index.php?rest_route=%2Fwp%2Fv2%2Fcomments&post=9930"}],"version-history":[{"count":1,"href":"https:\/\/www.paparazzinews.com.br\/index.php?rest_route=\/wp\/v2\/posts\/9930\/revisions"}],"predecessor-version":[{"id":9932,"href":"https:\/\/www.paparazzinews.com.br\/index.php?rest_route=\/wp\/v2\/posts\/9930\/revisions\/9932"}],"wp:featuredmedia":[{"embeddable":true,"href":"https:\/\/www.paparazzinews.com.br\/index.php?rest_route=\/wp\/v2\/media\/9931"}],"wp:attachment":[{"href":"https:\/\/www.paparazzinews.com.br\/index.php?rest_route=%2Fwp%2Fv2%2Fmedia&parent=9930"}],"wp:term":[{"taxonomy":"category","embeddable":true,"href":"https:\/\/www.paparazzinews.com.br\/index.php?rest_route=%2Fwp%2Fv2%2Fcategories&post=9930"},{"taxonomy":"post_tag","embeddable":true,"href":"https:\/\/www.paparazzinews.com.br\/index.php?rest_route=%2Fwp%2Fv2%2Ftags&post=9930"}],"curies":[{"name":"wp","href":"https:\/\/api.w.org\/{rel}","templated":true}]}}