{"id":9870,"date":"2024-05-16T15:39:15","date_gmt":"2024-05-16T18:39:15","guid":{"rendered":"https:\/\/www.paparazzinews.com.br\/?p=9870"},"modified":"2024-05-16T15:39:16","modified_gmt":"2024-05-16T18:39:16","slug":"policia-acaba-com-esquema-milionario-de-furto-de-maquinas-agricolas-em-sp-mg-e-pr-que-existiu-por-10-anos","status":"publish","type":"post","link":"https:\/\/www.paparazzinews.com.br\/?p=9870","title":{"rendered":"Pol\u00edcia acaba com esquema milion\u00e1rio de furto de m\u00e1quinas agr\u00edcolas em SP, MG e PR que existiu por 10 anos"},"content":{"rendered":"\n<p>A Pol\u00edcia Civil de S\u00e3o Paulo desmontou um esquema milion\u00e1rio de furto de m\u00e1quinas agr\u00edcolas ap\u00f3s seis meses de investiga\u00e7\u00e3o. Nesta quinta-feira (16), com mandados de pris\u00e3o expedidos pela Justi\u00e7a, os agentes prenderam sete suspeitos preventivamente nos estados de S\u00e3o Paulo, Paran\u00e1 e Minas Gerais.<\/p>\n\n\n\n<p>Conforme as investiga\u00e7\u00f5es, a quadrilha, que inclui empres\u00e1rios, movimentou em um ano R$ 3,6 milh\u00f5es com os crimes. O bando, al\u00e9m de furtar m\u00e1quinas agr\u00edcolas, tamb\u00e9m era respons\u00e1vel pela log\u00edstica de transporte interestadual e cometia crimes tribut\u00e1rios.&nbsp;<\/p>\n\n\n\n<p>Um dos presos na a\u00e7\u00e3o de hoje, um empres\u00e1rio de 45 anos, tinha renda mensal de R$ 2,5 mil, mas chegava a movimentar quantias de R$ 100 mil em contas banc\u00e1rias, dinheiro proveniente da atividade il\u00edcita.<\/p>\n\n\n\n<figure class=\"wp-block-image\"><img data-recalc-dims=\"1\" decoding=\"async\" src=\"https:\/\/i0.wp.com\/www.ssp.sp.gov.br\/midia\/Imagem\/D00054636.jpg?w=708\" alt=\"\"\/><\/figure>\n\n\n\n<p>A quadrilha teria se associado entre os anos de 2021 e 2022. Por\u00e9m, parte do grupo j\u00e1 cometia o crime h\u00e1 mais de dez anos, segundo a Pol\u00edcia Civil.<\/p>\n\n\n\n<p>\u201cA opera\u00e7\u00e3o faz parte do empenho da corpora\u00e7\u00e3o em acolher as diretrizes governamentais de firme enfrentamento em crimes que atingem o produtor rural do estado de S\u00e3o Paulo e a economia nacional. As pris\u00f5es preventivas de hoje foram necess\u00e1rias para interrup\u00e7\u00e3o do ciclo delitivo, promo\u00e7\u00e3o de preven\u00e7\u00e3o geral e seguran\u00e7a no campo\u201d, afirma o delegado Seccional de Pol\u00edcia de Fernand\u00f3polis, Everson Contelli, respons\u00e1vel pela Opera\u00e7\u00e3o Porteira Fechada.<\/p>\n\n\n\n<p>A investiga\u00e7\u00e3o come\u00e7ou ap\u00f3s o furto de um trator, avaliado em R$ 350 mil, que aconteceu em 14 de dezembro do ano passado, na regi\u00e3o de S\u00e3o Jos\u00e9 do Rio Preto. O crime despertou no setor de intelig\u00eancia da Pol\u00edcia Civil um alerta, uma vez que esse tipo de delito estava se repetindo em outras localidades.&nbsp;<\/p>\n\n\n\n<p>As pris\u00f5es aconteceram nas cidades de Pitangueiras, Guariba, S\u00e3o Carlos e S\u00e3o Jos\u00e9 do Rio Preto, no estado de S\u00e3o Paulo; Ura\u00ed e Andir\u00e1, no Paran\u00e1; e no munic\u00edpio de Patroc\u00ednio, em Minas Gerais.<\/p>\n\n\n\n<p><strong><strong><em><strong><em><strong><em><strong><em><strong><em><strong><em><strong><em><strong><em><strong>Siga nossas redes sociais no\u00a0<a href=\"https:\/\/www.instagram.com\/ronipaparazzi\/\">Instagram\u00a0<\/a>e\u00a0<a href=\"https:\/\/www.facebook.com\/ronipaparazzicomvoce\">Facebook<\/a>\u00a0participe da nossa comunidade do Canal Roni Paparazzi no Whatsapp e receba as principais not\u00edcias do dia direto no seu celular.<\/strong>\u00a0<a href=\"https:\/\/chat.whatsapp.com\/GsG1XKo0jPOEfjzudWQcml\" target=\"_blank\" rel=\"noreferrer noopener\">\u00a0Clique aqui e se inscreva.<\/a><\/em><\/strong><\/em><\/strong><\/em><\/strong><\/em><\/strong><\/em><\/strong><\/em><\/strong><\/em><\/strong><\/em><\/strong><\/strong><\/p>\n","protected":false},"excerpt":{"rendered":"<p>A Pol\u00edcia Civil de S\u00e3o Paulo desmontou um esquema milion\u00e1rio de furto de m\u00e1quinas agr\u00edcolas ap\u00f3s seis meses de investiga\u00e7\u00e3o. Nesta quinta-feira (16), com mandados de pris\u00e3o expedidos pela Justi\u00e7a, os agentes prenderam sete suspeitos preventivamente nos estados de S\u00e3o Paulo, Paran\u00e1 e Minas Gerais. Conforme as investiga\u00e7\u00f5es, a quadrilha, que inclui empres\u00e1rios, movimentou em &hellip;<\/p>\n","protected":false},"author":1,"featured_media":9871,"comment_status":"open","ping_status":"open","sticky":false,"template":"","format":"standard","meta":{"_jetpack_memberships_contains_paid_content":false,"footnotes":"","jetpack_publicize_message":"","jetpack_publicize_feature_enabled":true,"jetpack_social_post_already_shared":false,"jetpack_social_options":{"image_generator_settings":{"template":"highway","default_image_id":0,"enabled":false},"version":2}},"categories":[3],"tags":[],"class_list":["post-9870","post","type-post","status-publish","format-standard","has-post-thumbnail","hentry","category-policial"],"jetpack_publicize_connections":[],"jetpack_featured_media_url":"https:\/\/i0.wp.com\/www.paparazzinews.com.br\/wp-content\/uploads\/2024\/05\/00054634.jpg?fit=756%2C648&ssl=1","views":"3407","jetpack_likes_enabled":true,"jetpack_sharing_enabled":true,"_links":{"self":[{"href":"https:\/\/www.paparazzinews.com.br\/index.php?rest_route=\/wp\/v2\/posts\/9870","targetHints":{"allow":["GET"]}}],"collection":[{"href":"https:\/\/www.paparazzinews.com.br\/index.php?rest_route=\/wp\/v2\/posts"}],"about":[{"href":"https:\/\/www.paparazzinews.com.br\/index.php?rest_route=\/wp\/v2\/types\/post"}],"author":[{"embeddable":true,"href":"https:\/\/www.paparazzinews.com.br\/index.php?rest_route=\/wp\/v2\/users\/1"}],"replies":[{"embeddable":true,"href":"https:\/\/www.paparazzinews.com.br\/index.php?rest_route=%2Fwp%2Fv2%2Fcomments&post=9870"}],"version-history":[{"count":1,"href":"https:\/\/www.paparazzinews.com.br\/index.php?rest_route=\/wp\/v2\/posts\/9870\/revisions"}],"predecessor-version":[{"id":9872,"href":"https:\/\/www.paparazzinews.com.br\/index.php?rest_route=\/wp\/v2\/posts\/9870\/revisions\/9872"}],"wp:featuredmedia":[{"embeddable":true,"href":"https:\/\/www.paparazzinews.com.br\/index.php?rest_route=\/wp\/v2\/media\/9871"}],"wp:attachment":[{"href":"https:\/\/www.paparazzinews.com.br\/index.php?rest_route=%2Fwp%2Fv2%2Fmedia&parent=9870"}],"wp:term":[{"taxonomy":"category","embeddable":true,"href":"https:\/\/www.paparazzinews.com.br\/index.php?rest_route=%2Fwp%2Fv2%2Fcategories&post=9870"},{"taxonomy":"post_tag","embeddable":true,"href":"https:\/\/www.paparazzinews.com.br\/index.php?rest_route=%2Fwp%2Fv2%2Ftags&post=9870"}],"curies":[{"name":"wp","href":"https:\/\/api.w.org\/{rel}","templated":true}]}}