{"id":986,"date":"2022-10-21T14:36:21","date_gmt":"2022-10-21T17:36:21","guid":{"rendered":"https:\/\/www.paparazzinews.com.br\/?p=986"},"modified":"2022-10-21T14:36:22","modified_gmt":"2022-10-21T17:36:22","slug":"asfaltamento-vai-concluir-primeira-fase-da-paes-leme-mall-street","status":"publish","type":"post","link":"https:\/\/www.paparazzinews.com.br\/?p=986","title":{"rendered":"Asfaltamento vai concluir primeira fase da Paes Leme Mall Street"},"content":{"rendered":"\n<p>As obras de conclus\u00e3o do segundo trecho do projeto da Paes Leme Mall Street tem chamado a aten\u00e7\u00e3o de motoristas e pedestres que v\u00e3o at\u00e9 a rua mais tradicional do com\u00e9rcio regional para fazer suas compras. A tradi\u00e7\u00e3o das fam\u00edlias virem ao com\u00e9rcio de Andradina para fazer suas compras est\u00e1 ganhando um contexto futurista com a transforma\u00e7\u00e3o da Rua Paes Leme.<\/p>\n\n\n\n<p>Duas quadras (ente as ruas Manoel Teixeira de Freitas e Cear\u00e1, est\u00e3o praticamente prontas, aguardando a conclus\u00e3o com o asfaltamento e termino de instala\u00e7\u00e3o das estruturas.<\/p>\n\n\n\n<p>Segundo o engenheiro Geraldo Pila, secret\u00e1rio de Obras do Governo de Andradina, essa obra abre o in\u00edcio da implanta\u00e7\u00e3o da pr\u00f3xima fase do projeto que prev\u00ea a amplia\u00e7\u00e3o da Paes Leme Mall Street para outras tr\u00eas quadras.<\/p>\n\n\n\n<p>O conceito \u00e9 futur\u00edstico e funcional, com alargamento da cal\u00e7ada esquerda, faixa da ciclovia em sentido \u00fanico ser\u00e1 totalmente arborizada para melhor conforto do ciclista que estar\u00e1 na Paes Leme Mall Street, uma faixa de canteiro com \u00e1rvores ser\u00e1 a divis\u00e3o entre rua e ciclovia pensando na seguran\u00e7a.<\/p>\n\n\n\n<p>O lado direito da rua receber\u00e1 lugares de parada para embarque e desembarque dos usu\u00e1rios. O sentido \u00fanico da rua permitir\u00e1 a passagem de carros, apenas para passagem.<\/p>\n\n\n\n<p><strong>Mudan\u00e7as<\/strong><br>O projeto tamb\u00e9m est\u00e1 promovendo mudan\u00e7as no transito da regi\u00e3o central da cidade, criando novas \u00e1reas de estacionamento, onde as principais mudan\u00e7as s\u00e3o a cria\u00e7\u00e3o de um \u201cbols\u00e3o de motos\u201d pr\u00f3ximo ao \u201cCamel\u00f3dromo\u201d e um estacionamento de carros ao longo da rua Manoel Teixeira de Freitas.<\/p>\n\n\n\n<p>A cria\u00e7\u00e3o de novas vagas de estacionamento era uma antiga reivindica\u00e7\u00e3o dos comerciantes e a cria\u00e7\u00e3o do novo bols\u00e3o exclusivo para motos oferece aos motociclistas um melhor local e de f\u00e1cil acesso para estacionarem.<\/p>\n\n\n\n<p>Ap\u00f3s a conclus\u00e3o da primeira fase do novo estacionamento, na antiga faixa de dom\u00ednio da linha f\u00e9rrea, a Secretaria de Obras do Governo de Andradina iniciou a nova fase no trecho entre as ruas Ac\u00e1cio e Silva e Rodrigues Alves, margeando a \u00e1rea do Centro Cultural Pioneiros de Andradina. \u201cAs novas vagas s\u00e3o facilitar o estacionamento na regi\u00e3o, fortalecendo o com\u00e9rcio local\u201d, explicou o engenheiro Geraldo Pilla.<\/p>\n","protected":false},"excerpt":{"rendered":"<p>As obras de conclus\u00e3o do segundo trecho do projeto da Paes Leme Mall Street tem chamado a aten\u00e7\u00e3o de motoristas e pedestres que v\u00e3o at\u00e9 a rua mais tradicional do com\u00e9rcio regional para fazer suas compras. A tradi\u00e7\u00e3o das fam\u00edlias virem ao com\u00e9rcio de Andradina para fazer suas compras est\u00e1 ganhando um contexto futurista com &hellip;<\/p>\n","protected":false},"author":1,"featured_media":987,"comment_status":"open","ping_status":"open","sticky":false,"template":"","format":"standard","meta":{"_jetpack_memberships_contains_paid_content":false,"footnotes":"","jetpack_publicize_message":"","jetpack_publicize_feature_enabled":true,"jetpack_social_post_already_shared":false,"jetpack_social_options":{"image_generator_settings":{"template":"highway","default_image_id":0,"enabled":false},"version":2}},"categories":[4],"tags":[],"class_list":["post-986","post","type-post","status-publish","format-standard","has-post-thumbnail","hentry","category-regiao"],"jetpack_publicize_connections":[],"jetpack_featured_media_url":"https:\/\/i0.wp.com\/www.paparazzinews.com.br\/wp-content\/uploads\/2022\/10\/f1646c11-e953-4680-b8c4-d46a00cdeaba-e1666373771598.jpg?fit=1000%2C666&ssl=1","views":"2517","jetpack_likes_enabled":true,"jetpack_sharing_enabled":true,"_links":{"self":[{"href":"https:\/\/www.paparazzinews.com.br\/index.php?rest_route=\/wp\/v2\/posts\/986","targetHints":{"allow":["GET"]}}],"collection":[{"href":"https:\/\/www.paparazzinews.com.br\/index.php?rest_route=\/wp\/v2\/posts"}],"about":[{"href":"https:\/\/www.paparazzinews.com.br\/index.php?rest_route=\/wp\/v2\/types\/post"}],"author":[{"embeddable":true,"href":"https:\/\/www.paparazzinews.com.br\/index.php?rest_route=\/wp\/v2\/users\/1"}],"replies":[{"embeddable":true,"href":"https:\/\/www.paparazzinews.com.br\/index.php?rest_route=%2Fwp%2Fv2%2Fcomments&post=986"}],"version-history":[{"count":1,"href":"https:\/\/www.paparazzinews.com.br\/index.php?rest_route=\/wp\/v2\/posts\/986\/revisions"}],"predecessor-version":[{"id":988,"href":"https:\/\/www.paparazzinews.com.br\/index.php?rest_route=\/wp\/v2\/posts\/986\/revisions\/988"}],"wp:featuredmedia":[{"embeddable":true,"href":"https:\/\/www.paparazzinews.com.br\/index.php?rest_route=\/wp\/v2\/media\/987"}],"wp:attachment":[{"href":"https:\/\/www.paparazzinews.com.br\/index.php?rest_route=%2Fwp%2Fv2%2Fmedia&parent=986"}],"wp:term":[{"taxonomy":"category","embeddable":true,"href":"https:\/\/www.paparazzinews.com.br\/index.php?rest_route=%2Fwp%2Fv2%2Fcategories&post=986"},{"taxonomy":"post_tag","embeddable":true,"href":"https:\/\/www.paparazzinews.com.br\/index.php?rest_route=%2Fwp%2Fv2%2Ftags&post=986"}],"curies":[{"name":"wp","href":"https:\/\/api.w.org\/{rel}","templated":true}]}}