{"id":980,"date":"2022-10-20T18:45:03","date_gmt":"2022-10-20T21:45:03","guid":{"rendered":"https:\/\/www.paparazzinews.com.br\/?p=980"},"modified":"2022-10-20T18:45:05","modified_gmt":"2022-10-20T21:45:05","slug":"veja-quem-e-o-novo-secretario-da-saude-de-castilho","status":"publish","type":"post","link":"https:\/\/www.paparazzinews.com.br\/?p=980","title":{"rendered":"Veja quem \u00e9 o novo secret\u00e1rio da sa\u00fade de Castilho"},"content":{"rendered":"\n<p>Tomou posse nesta quinta-feira ,20, o novo secret\u00e1rio municipal de sa\u00fade, Demilson Cordeiro da Silva. Esta \u00e9 a segunda mudan\u00e7a que o prefeito Paulo Boaventura faz em seu secretariado de 1\u00ba escal\u00e3o apenas nesta semana em Castilho.  <\/p>\n\n\n\n<p>Considerado o setor mais vital da Administra\u00e7\u00e3o, Paulinho quer ampliar ainda mais o atendimento \u00e0 toda popula\u00e7\u00e3o na oferta de mais rem\u00e9dios, consultas e cirurgias. Durante apresenta\u00e7\u00e3o do novo secret\u00e1rio aos funcion\u00e1rios da Sa\u00fade, o prefeito agradeceu todo trabalho desenvolvido pela servidora M\u00e1rcia Zotelli que respondia pelo cargo desde o in\u00edcio do mandato. <\/p>\n\n\n\n<p>\u201cEla ocupou a Secretaria no momento mais delicado para nossa Sa\u00fade que foi durante a pandemia da Covid-19 e enfrentou grandes desafios. Mas vamos continuar contando com a ajuda da M\u00e1rcia que \u00e9 servidora efetiva na Sa\u00fade\u201d, destacou Paulo Boaventura. A ex-secret\u00e1ria \u2013 que tamb\u00e9m participou da apresenta\u00e7\u00e3o do novo chefe, aproveitou para agradecer ao prefeito pela oportunidade que teve ao longo desses quase dois anos, e tamb\u00e9m foi grata a sua equipe. <\/p>\n\n\n\n<p>\u201cAgrade\u00e7o a todos que me ajudaram e vamos trabalhar para fazer ainda melhor. Isso aqui a gente faz com amor para poder ser usado por n\u00f3s mesmo. E podem ter certeza que vou estar aqui como sempre para ajudar\u201d, despediu-se M\u00e1rcia. Capacidade, conhecimento e oportunidade em contribuir com a pr\u00f3pria cidade. <\/p>\n\n\n\n<p>Esses foram alguns dos crit\u00e9rios apontados pelo prefeito para escolha do novo secret\u00e1rio que \u00e9 castilhense nato. \u201cA sa\u00fade \u00e9 a vitrine de uma Administra\u00e7\u00e3o\u201d, argumentou Paulinho. Ao se apresentar, Demilson disse que \u00e9 um desafio em qualquer lugar assumir tamanha responsabilidade. \u201cVenho na expectativa de agregar a equipe, somar com todos e aprimorar o que for poss\u00edvel\u201d, comentou.Enfermeiro por forma\u00e7\u00e3o, diz acreditar muito na pol\u00edtica p\u00fablica. \u201cEu sempre priorizei a garantia ao acesso nos 13 anos de trabalho prestado na Sa\u00fade de Andradina\u201d, completou. <\/p>\n\n\n\n<p>Al\u00e9m de mestre em Sa\u00fade Coletiva, Demilson traz ainda em sua bagagem a experi\u00eancia em Sa\u00fade da Fam\u00edlia, Gest\u00e3o Permanente, Organiza\u00e7\u00e3o de servi\u00e7o de sa\u00fade e tamb\u00e9m fez interlocu\u00e7\u00e3o interfederativa junto \u00e0 Secretaria de Estado e ao Minist\u00e9rio da Sa\u00fade entre 2013 e 2020.<\/p>\n","protected":false},"excerpt":{"rendered":"<p>Tomou posse nesta quinta-feira ,20, o novo secret\u00e1rio municipal de sa\u00fade, Demilson Cordeiro da Silva. Esta \u00e9 a segunda mudan\u00e7a que o prefeito Paulo Boaventura faz em seu secretariado de 1\u00ba escal\u00e3o apenas nesta semana em Castilho. Considerado o setor mais vital da Administra\u00e7\u00e3o, Paulinho quer ampliar ainda mais o atendimento \u00e0 toda popula\u00e7\u00e3o na &hellip;<\/p>\n","protected":false},"author":1,"featured_media":981,"comment_status":"open","ping_status":"open","sticky":false,"template":"","format":"standard","meta":{"_jetpack_memberships_contains_paid_content":false,"footnotes":"","jetpack_publicize_message":"","jetpack_publicize_feature_enabled":true,"jetpack_social_post_already_shared":false,"jetpack_social_options":{"image_generator_settings":{"template":"highway","default_image_id":0,"enabled":false},"version":2}},"categories":[4],"tags":[],"class_list":["post-980","post","type-post","status-publish","format-standard","has-post-thumbnail","hentry","category-regiao"],"jetpack_publicize_connections":[],"jetpack_featured_media_url":"https:\/\/i0.wp.com\/www.paparazzinews.com.br\/wp-content\/uploads\/2022\/10\/IMG-20221020-WA0070.jpg?fit=1600%2C1200&ssl=1","views":"3070","jetpack_likes_enabled":true,"jetpack_sharing_enabled":true,"_links":{"self":[{"href":"https:\/\/www.paparazzinews.com.br\/index.php?rest_route=\/wp\/v2\/posts\/980","targetHints":{"allow":["GET"]}}],"collection":[{"href":"https:\/\/www.paparazzinews.com.br\/index.php?rest_route=\/wp\/v2\/posts"}],"about":[{"href":"https:\/\/www.paparazzinews.com.br\/index.php?rest_route=\/wp\/v2\/types\/post"}],"author":[{"embeddable":true,"href":"https:\/\/www.paparazzinews.com.br\/index.php?rest_route=\/wp\/v2\/users\/1"}],"replies":[{"embeddable":true,"href":"https:\/\/www.paparazzinews.com.br\/index.php?rest_route=%2Fwp%2Fv2%2Fcomments&post=980"}],"version-history":[{"count":1,"href":"https:\/\/www.paparazzinews.com.br\/index.php?rest_route=\/wp\/v2\/posts\/980\/revisions"}],"predecessor-version":[{"id":982,"href":"https:\/\/www.paparazzinews.com.br\/index.php?rest_route=\/wp\/v2\/posts\/980\/revisions\/982"}],"wp:featuredmedia":[{"embeddable":true,"href":"https:\/\/www.paparazzinews.com.br\/index.php?rest_route=\/wp\/v2\/media\/981"}],"wp:attachment":[{"href":"https:\/\/www.paparazzinews.com.br\/index.php?rest_route=%2Fwp%2Fv2%2Fmedia&parent=980"}],"wp:term":[{"taxonomy":"category","embeddable":true,"href":"https:\/\/www.paparazzinews.com.br\/index.php?rest_route=%2Fwp%2Fv2%2Fcategories&post=980"},{"taxonomy":"post_tag","embeddable":true,"href":"https:\/\/www.paparazzinews.com.br\/index.php?rest_route=%2Fwp%2Fv2%2Ftags&post=980"}],"curies":[{"name":"wp","href":"https:\/\/api.w.org\/{rel}","templated":true}]}}