{"id":98,"date":"2022-06-21T15:41:53","date_gmt":"2022-06-21T18:41:53","guid":{"rendered":"https:\/\/www.paparazzinews.com.br\/?p=98"},"modified":"2022-06-21T15:41:55","modified_gmt":"2022-06-21T18:41:55","slug":"pm-recupera-moto-furtada-em-andradina","status":"publish","type":"post","link":"https:\/\/www.paparazzinews.com.br\/?p=98","title":{"rendered":"PM recupera moto furtada em Andradina"},"content":{"rendered":"\n<p>Durante deslocamento do Centro Comercial para o patrulhamento no bairro Benfica (Pra\u00e7a C\u00c9U das Artes), a Pol\u00edcia Militar a servi\u00e7o da Atividade Delegada se deparou com uma moto com o capacete no retrovisor e chaves no contato estacionada na rua Jos\u00e9 Bonif\u00e1cio. Ap\u00f3s pesquisar via COPOM, foi constatado produto de furto pela cidade de tr\u00eas Lagoas (MS), no dia 19.<\/p>\n\n\n\n<p><br>A PM entrou em contato a Pol\u00edcia Militar de Tr\u00eas Lagoas, para deslocar at\u00e9 a resid\u00eancia da v\u00edtima.<br>Esta foi a segunda moto furtada apreendida pela Atividade delegada em pouco mais de 20 dias. A primeira apreens\u00e3o aconteceu na manh\u00e3 de s\u00e1bado (28\/05) onde policiais militares a servi\u00e7o da Atividade Delegada, em patrulhamento pela \u00e1rea central de Andradina, abordaram o mec\u00e2nico \u201cC\u201d. (30 anos) mexendo em uma motocicleta.<\/p>\n\n\n\n<p>A equipe formada pelos 1\u00b0 Ten PM Douglas, SD PM Carvalho e SD PM Guaranha, em consulta detalhada sobre a origem do ve\u00edculo, constataram que ela havia sido furtada por Tr\u00eas Lagoas (MS).<\/p>\n\n\n\n<p>Diante das evid\u00eancias, o indiv\u00edduo recebeu voz de pris\u00e3o e foi conduzido ao Plant\u00e3o Permanente, onde o Delegado Plantonista o autuou em flagrante pelo crime de recepta\u00e7\u00e3o, o recolhendo \u00e0 carceragem, \u00e0 disposi\u00e7\u00e3o da justi\u00e7a.<\/p>\n\n\n\n<p><strong>Modelo de Sucesso<br><\/strong>A Atividade Delegada \u00e9 um conv\u00eanio firmado entre as prefeituras e a Secretaria da Seguran\u00e7a P\u00fablica do Estado de S\u00e3o Paulo, que permite aos policiais militares desempenharem suas fun\u00e7\u00f5es nos dias de folgas.<\/p>\n\n\n\n<p>A Atividade Delegada aumenta a sensa\u00e7\u00e3o de seguran\u00e7a na cidade levando seus servi\u00e7os aos bairros urbanos e em breve a localidades rurais.<\/p>\n\n\n\n<p>\u201cO trabalho em conjunto com a PM \u00e9 uma forma de trazer seguran\u00e7a para quem mora em Andradina. Com a amplia\u00e7\u00e3o da Atividade Delegada, os bairros rurais ter\u00e3o mais seguran\u00e7a\u201d, concluiu o diretor de Seguran\u00e7a P\u00fablica, Andr\u00e9 Lu\u00eds de Lima Augusto.<\/p>\n","protected":false},"excerpt":{"rendered":"<p>Durante deslocamento do Centro Comercial para o patrulhamento no bairro Benfica (Pra\u00e7a C\u00c9U das Artes), a Pol\u00edcia Militar a servi\u00e7o da Atividade Delegada se deparou com uma moto com o capacete no retrovisor e chaves no contato estacionada na rua Jos\u00e9 Bonif\u00e1cio. Ap\u00f3s pesquisar via COPOM, foi constatado produto de furto pela cidade de tr\u00eas &hellip;<\/p>\n","protected":false},"author":1,"featured_media":99,"comment_status":"open","ping_status":"open","sticky":false,"template":"","format":"standard","meta":{"_jetpack_memberships_contains_paid_content":false,"footnotes":"","jetpack_publicize_message":"","jetpack_publicize_feature_enabled":true,"jetpack_social_post_already_shared":false,"jetpack_social_options":{"image_generator_settings":{"template":"highway","default_image_id":0,"enabled":false},"version":2}},"categories":[3],"tags":[],"class_list":["post-98","post","type-post","status-publish","format-standard","has-post-thumbnail","hentry","category-policial"],"jetpack_publicize_connections":[],"jetpack_featured_media_url":"https:\/\/i0.wp.com\/www.paparazzinews.com.br\/wp-content\/uploads\/2022\/06\/c27ec224-b1b2-4e00-b445-d9bfdc3e663a.jpg?fit=960%2C1280&ssl=1","views":"3692","jetpack_likes_enabled":true,"jetpack_sharing_enabled":true,"_links":{"self":[{"href":"https:\/\/www.paparazzinews.com.br\/index.php?rest_route=\/wp\/v2\/posts\/98","targetHints":{"allow":["GET"]}}],"collection":[{"href":"https:\/\/www.paparazzinews.com.br\/index.php?rest_route=\/wp\/v2\/posts"}],"about":[{"href":"https:\/\/www.paparazzinews.com.br\/index.php?rest_route=\/wp\/v2\/types\/post"}],"author":[{"embeddable":true,"href":"https:\/\/www.paparazzinews.com.br\/index.php?rest_route=\/wp\/v2\/users\/1"}],"replies":[{"embeddable":true,"href":"https:\/\/www.paparazzinews.com.br\/index.php?rest_route=%2Fwp%2Fv2%2Fcomments&post=98"}],"version-history":[{"count":1,"href":"https:\/\/www.paparazzinews.com.br\/index.php?rest_route=\/wp\/v2\/posts\/98\/revisions"}],"predecessor-version":[{"id":100,"href":"https:\/\/www.paparazzinews.com.br\/index.php?rest_route=\/wp\/v2\/posts\/98\/revisions\/100"}],"wp:featuredmedia":[{"embeddable":true,"href":"https:\/\/www.paparazzinews.com.br\/index.php?rest_route=\/wp\/v2\/media\/99"}],"wp:attachment":[{"href":"https:\/\/www.paparazzinews.com.br\/index.php?rest_route=%2Fwp%2Fv2%2Fmedia&parent=98"}],"wp:term":[{"taxonomy":"category","embeddable":true,"href":"https:\/\/www.paparazzinews.com.br\/index.php?rest_route=%2Fwp%2Fv2%2Fcategories&post=98"},{"taxonomy":"post_tag","embeddable":true,"href":"https:\/\/www.paparazzinews.com.br\/index.php?rest_route=%2Fwp%2Fv2%2Ftags&post=98"}],"curies":[{"name":"wp","href":"https:\/\/api.w.org\/{rel}","templated":true}]}}