{"id":9786,"date":"2024-05-14T14:29:07","date_gmt":"2024-05-14T17:29:07","guid":{"rendered":"https:\/\/www.paparazzinews.com.br\/?p=9786"},"modified":"2024-05-14T14:29:08","modified_gmt":"2024-05-14T17:29:08","slug":"marcos-rocha-a-voz-da-nova-era-do-radio-andradinense","status":"publish","type":"post","link":"https:\/\/www.paparazzinews.com.br\/?p=9786","title":{"rendered":"Marcos Rocha, a voz da nova era do r\u00e1dio andradinense"},"content":{"rendered":"\n<p>Marcos Rocha, uma figura ic\u00f4nica no mundo da comunica\u00e7\u00e3o de Andradina e regi\u00e3o, h\u00e1 38 anos vem conquistando cora\u00e7\u00f5es com sua voz aveludada e sua entona\u00e7\u00e3o perfeita. Hoje, ele embarca em uma nova jornada, assumindo um papel ainda mais proeminente na cena radiof\u00f4nica local. Com informa\u00e7\u00f5es da Revista Fala.<\/p>\n\n\n\n<p>Com uma carreira repleta de momentos memor\u00e1veis e uma legi\u00e3o de f\u00e3s dedicados que o intitularam \u2013 o comunicador, Marcos Rocha tem sido uma presen\u00e7a constante nos lares e nos cora\u00e7\u00f5es dos ouvintes ao longo das d\u00e9cadas. Sua habilidade de transmitir n\u00e3o apenas informa\u00e7\u00f5es, mas tamb\u00e9m emo\u00e7\u00f5es, o tornou uma parte essencial da vida cotidiana de muitos.<\/p>\n\n\n\n<p>Agora, ap\u00f3s quase quatro d\u00e9cadas de contribui\u00e7\u00e3o para outras frequ\u00eancias, Marcos Rocha inicia um novo cap\u00edtulo emocionante ao assumir a frequ\u00eancia 105,9 FM, conhecida como a Mais FM. Com isso, uma nova era no r\u00e1dio de Andradina se inicia, trazendo consigo a promessa de mais entretenimento, informa\u00e7\u00e3o e conex\u00e3o comunit\u00e1ria.<\/p>\n\n\n\n<p>A chegada de Marcos Rocha \u00e0 Mais FM n\u00e3o apenas refor\u00e7a o compromisso da esta\u00e7\u00e3o com a qualidade e excel\u00eancia na programa\u00e7\u00e3o, mas tamb\u00e9m marca um momento de celebra\u00e7\u00e3o para todos os ouvintes que h\u00e1 tanto tempo admiram e valorizam o trabalho desse renomado comunicador.<\/p>\n\n\n\n<p><strong>DE LOCUTOR A ARRENDAT\u00c1RIO<\/strong><\/p>\n\n\n\n<p>Este ano, Marcos Rocha inicia como arrendat\u00e1rio da 105,9FM, uma das frequ\u00eancias que pertence ao grupo SRC. Com uma bagagem repleta de experi\u00eancia, conhecimento e credibilidade, Marcos inaugurou a Mais FM, trazendo consigo n\u00e3o apenas sua voz marcante, mas tamb\u00e9m um compromisso renovado com a qualidade e a inova\u00e7\u00e3o no mundo do r\u00e1dio.<\/p>\n\n\n\n<p>Ao longo das d\u00e9cadas, ele se tornou uma figura ic\u00f4nica na paisagem radiof\u00f4nica local, estabelecendo la\u00e7os profundos com sua audi\u00eancia e se tornando uma fonte confi\u00e1vel de not\u00edcias, entretenimento e cultura.<\/p>\n\n\n\n<p>No entanto, Marcos sempre foi um vision\u00e1rio, possui tamb\u00e9m uma produtora de filmes, a Marcos Rocha Produ\u00e7\u00f5es. Mas a paix\u00e3o pelo r\u00e1dio o fez retornar e, agora, ele viu na oportunidade de arrendar a nova frequ\u00eancia uma chance de expandir seus horizontes e levar sua paix\u00e3o pelo r\u00e1dio a um novo patamar. Assim, nasceu a Mais FM, um projeto ambicioso que busca oferecer aos ouvintes uma programa\u00e7\u00e3o diversificada, repleta de m\u00fasica de qualidade, informa\u00e7\u00e3o relevante e entretenimento envolvente.<\/p>\n\n\n\n<p>Em meio a um cen\u00e1rio midi\u00e1tico em constante evolu\u00e7\u00e3o, Marcos Rocha e a Mais FM representam uma lufada de ar fresco, uma ode \u00e0 tradi\u00e7\u00e3o do r\u00e1dio combinada com uma vis\u00e3o inovadora para o futuro. Enquanto muitos podem ver a transi\u00e7\u00e3o de locutor a arrendat\u00e1rio como uma mudan\u00e7a radical, para Marcos, \u00e9 simplesmente o pr\u00f3ximo cap\u00edtulo de uma hist\u00f3ria de sucesso que est\u00e1 longe de terminar. Com sua determina\u00e7\u00e3o inabal\u00e1vel e sua paix\u00e3o inesgot\u00e1vel pelo r\u00e1dio, n\u00e3o h\u00e1 limite para o que Marcos Rocha e a Mais FM podem alcan\u00e7ar juntos.<\/p>\n\n\n\n<p><strong><strong><em><strong><em><strong><em><strong><em><strong><em><strong><em><strong><em><strong><em><strong>Siga nossas redes sociais no\u00a0<a href=\"https:\/\/www.instagram.com\/ronipaparazzi\/\">Instagram\u00a0<\/a>e\u00a0<a href=\"https:\/\/www.facebook.com\/ronipaparazzicomvoce\">Facebook<\/a>\u00a0participe da nossa comunidade do Canal Roni Paparazzi no Whatsapp e receba as principais not\u00edcias do dia direto no seu celular.<\/strong>\u00a0<a href=\"https:\/\/chat.whatsapp.com\/GsG1XKo0jPOEfjzudWQcml\" target=\"_blank\" rel=\"noreferrer noopener\">\u00a0Clique aqui e se inscreva.<\/a><\/em><\/strong><\/em><\/strong><\/em><\/strong><\/em><\/strong><\/em><\/strong><\/em><\/strong><\/em><\/strong><\/em><\/strong><\/strong><\/p>\n","protected":false},"excerpt":{"rendered":"<p>Marcos Rocha, uma figura ic\u00f4nica no mundo da comunica\u00e7\u00e3o de Andradina e regi\u00e3o, h\u00e1 38 anos vem conquistando cora\u00e7\u00f5es com sua voz aveludada e sua entona\u00e7\u00e3o perfeita. Hoje, ele embarca em uma nova jornada, assumindo um papel ainda mais proeminente na cena radiof\u00f4nica local. Com informa\u00e7\u00f5es da Revista Fala. Com uma carreira repleta de momentos &hellip;<\/p>\n","protected":false},"author":1,"featured_media":9787,"comment_status":"open","ping_status":"open","sticky":false,"template":"","format":"standard","meta":{"_jetpack_memberships_contains_paid_content":false,"footnotes":"","jetpack_publicize_message":"","jetpack_publicize_feature_enabled":true,"jetpack_social_post_already_shared":false,"jetpack_social_options":{"image_generator_settings":{"template":"highway","default_image_id":0,"enabled":false},"version":2}},"categories":[6],"tags":[],"class_list":["post-9786","post","type-post","status-publish","format-standard","has-post-thumbnail","hentry","category-entretenimento"],"jetpack_publicize_connections":[],"jetpack_featured_media_url":"https:\/\/i0.wp.com\/www.paparazzinews.com.br\/wp-content\/uploads\/2024\/05\/1715375441_11976.jpg?fit=1000%2C666&ssl=1","views":"3793","jetpack_likes_enabled":true,"jetpack_sharing_enabled":true,"_links":{"self":[{"href":"https:\/\/www.paparazzinews.com.br\/index.php?rest_route=\/wp\/v2\/posts\/9786","targetHints":{"allow":["GET"]}}],"collection":[{"href":"https:\/\/www.paparazzinews.com.br\/index.php?rest_route=\/wp\/v2\/posts"}],"about":[{"href":"https:\/\/www.paparazzinews.com.br\/index.php?rest_route=\/wp\/v2\/types\/post"}],"author":[{"embeddable":true,"href":"https:\/\/www.paparazzinews.com.br\/index.php?rest_route=\/wp\/v2\/users\/1"}],"replies":[{"embeddable":true,"href":"https:\/\/www.paparazzinews.com.br\/index.php?rest_route=%2Fwp%2Fv2%2Fcomments&post=9786"}],"version-history":[{"count":1,"href":"https:\/\/www.paparazzinews.com.br\/index.php?rest_route=\/wp\/v2\/posts\/9786\/revisions"}],"predecessor-version":[{"id":9788,"href":"https:\/\/www.paparazzinews.com.br\/index.php?rest_route=\/wp\/v2\/posts\/9786\/revisions\/9788"}],"wp:featuredmedia":[{"embeddable":true,"href":"https:\/\/www.paparazzinews.com.br\/index.php?rest_route=\/wp\/v2\/media\/9787"}],"wp:attachment":[{"href":"https:\/\/www.paparazzinews.com.br\/index.php?rest_route=%2Fwp%2Fv2%2Fmedia&parent=9786"}],"wp:term":[{"taxonomy":"category","embeddable":true,"href":"https:\/\/www.paparazzinews.com.br\/index.php?rest_route=%2Fwp%2Fv2%2Fcategories&post=9786"},{"taxonomy":"post_tag","embeddable":true,"href":"https:\/\/www.paparazzinews.com.br\/index.php?rest_route=%2Fwp%2Fv2%2Ftags&post=9786"}],"curies":[{"name":"wp","href":"https:\/\/api.w.org\/{rel}","templated":true}]}}