{"id":977,"date":"2022-10-19T12:18:11","date_gmt":"2022-10-19T15:18:11","guid":{"rendered":"https:\/\/www.paparazzinews.com.br\/?p=977"},"modified":"2022-10-19T12:18:12","modified_gmt":"2022-10-19T15:18:12","slug":"esposa-mata-mototaxista-em-andradina","status":"publish","type":"post","link":"https:\/\/www.paparazzinews.com.br\/?p=977","title":{"rendered":"Esposa mata mototaxista em Andradina"},"content":{"rendered":"\n<p>Uma mulher foi presa em Andradina pela Pol\u00edcia Militar nesta quarta-feira (19), depois de assassinar seu companheiro o moto taxista Rog\u00e9rio Raristom Cezario de Barros, com um golpe de faca no peito.<\/p>\n\n\n\n<p>Os militares foram acionados para atender uma ocorr\u00eancia de Viol\u00eancia Dom\u00e9stica, no local a moradora atendeu relatando que seu amasio estava ferido ca\u00eddo no quarto do casal.<\/p>\n\n\n\n<p>Ela justificou que teria sido agredida pelo homem, no ato de defesa pegou uma faca e o golpeou no t\u00f3rax. O autor estava nu, inconsciente ca\u00eddo ao solo sobre uma po\u00e7a de sangue.<\/p>\n\n\n\n<p>O Corpo de Bombeiros foi quem prestou o atendimento de primeiros socorros, ao dar entrada na UPA a v\u00edtima n\u00e3o apresentava sinais vitais.<\/p>\n\n\n\n<p>A faca utilizada tinha uma lamina cortante de 16 cent\u00edmetros, a ocorr\u00eancia foi encaminhada para a Pol\u00edcia Civil onde ela permaneceu \u00e0 disposi\u00e7\u00e3o da Justi\u00e7a.<\/p>\n","protected":false},"excerpt":{"rendered":"<p>Uma mulher foi presa em Andradina pela Pol\u00edcia Militar nesta quarta-feira (19), depois de assassinar seu companheiro o moto taxista Rog\u00e9rio Raristom Cezario de Barros, com um golpe de faca no peito. Os militares foram acionados para atender uma ocorr\u00eancia de Viol\u00eancia Dom\u00e9stica, no local a moradora atendeu relatando que seu amasio estava ferido ca\u00eddo &hellip;<\/p>\n","protected":false},"author":1,"featured_media":976,"comment_status":"open","ping_status":"open","sticky":false,"template":"","format":"standard","meta":{"_jetpack_memberships_contains_paid_content":false,"footnotes":"","jetpack_publicize_message":"","jetpack_publicize_feature_enabled":true,"jetpack_social_post_already_shared":false,"jetpack_social_options":{"image_generator_settings":{"template":"highway","default_image_id":0,"enabled":false},"version":2}},"categories":[3],"tags":[],"class_list":["post-977","post","type-post","status-publish","format-standard","has-post-thumbnail","hentry","category-policial"],"jetpack_publicize_connections":[],"jetpack_featured_media_url":"https:\/\/i0.wp.com\/www.paparazzinews.com.br\/wp-content\/uploads\/2022\/10\/FB_IMG_1666191871517-removebg-preview.png?fit=498%2C501&ssl=1","views":"12483","jetpack_likes_enabled":true,"jetpack_sharing_enabled":true,"_links":{"self":[{"href":"https:\/\/www.paparazzinews.com.br\/index.php?rest_route=\/wp\/v2\/posts\/977","targetHints":{"allow":["GET"]}}],"collection":[{"href":"https:\/\/www.paparazzinews.com.br\/index.php?rest_route=\/wp\/v2\/posts"}],"about":[{"href":"https:\/\/www.paparazzinews.com.br\/index.php?rest_route=\/wp\/v2\/types\/post"}],"author":[{"embeddable":true,"href":"https:\/\/www.paparazzinews.com.br\/index.php?rest_route=\/wp\/v2\/users\/1"}],"replies":[{"embeddable":true,"href":"https:\/\/www.paparazzinews.com.br\/index.php?rest_route=%2Fwp%2Fv2%2Fcomments&post=977"}],"version-history":[{"count":1,"href":"https:\/\/www.paparazzinews.com.br\/index.php?rest_route=\/wp\/v2\/posts\/977\/revisions"}],"predecessor-version":[{"id":978,"href":"https:\/\/www.paparazzinews.com.br\/index.php?rest_route=\/wp\/v2\/posts\/977\/revisions\/978"}],"wp:featuredmedia":[{"embeddable":true,"href":"https:\/\/www.paparazzinews.com.br\/index.php?rest_route=\/wp\/v2\/media\/976"}],"wp:attachment":[{"href":"https:\/\/www.paparazzinews.com.br\/index.php?rest_route=%2Fwp%2Fv2%2Fmedia&parent=977"}],"wp:term":[{"taxonomy":"category","embeddable":true,"href":"https:\/\/www.paparazzinews.com.br\/index.php?rest_route=%2Fwp%2Fv2%2Fcategories&post=977"},{"taxonomy":"post_tag","embeddable":true,"href":"https:\/\/www.paparazzinews.com.br\/index.php?rest_route=%2Fwp%2Fv2%2Ftags&post=977"}],"curies":[{"name":"wp","href":"https:\/\/api.w.org\/{rel}","templated":true}]}}