{"id":9731,"date":"2024-05-14T11:04:01","date_gmt":"2024-05-14T14:04:01","guid":{"rendered":"https:\/\/www.paparazzinews.com.br\/?p=9731"},"modified":"2024-05-14T11:04:02","modified_gmt":"2024-05-14T14:04:02","slug":"equipe-da-policia-civil-chega-ao-rs-com-20-toneladas-de-doacoes","status":"publish","type":"post","link":"https:\/\/www.paparazzinews.com.br\/?p=9731","title":{"rendered":"Equipe da Pol\u00edcia Civil chega ao RS com 20 toneladas de doa\u00e7\u00f5es"},"content":{"rendered":"\n<p>Logo cedo a equipe de policiais civis que chegou ao Rio Grande do Sul neste s\u00e1bado (11) come\u00e7ou a distribui\u00e7\u00e3o dos mantimentos arrecadados em S\u00e3o Paulo. Dois caminh\u00f5es com \u00e1gua e comida deixaram a capital paulista na quinta-feira (9).<\/p>\n\n\n\n<figure class=\"wp-block-image\"><img data-recalc-dims=\"1\" decoding=\"async\" src=\"https:\/\/i0.wp.com\/www.ssp.sp.gov.br\/midia\/Imagem\/D00054558.jpg?w=708\" alt=\"\"\/><\/figure>\n\n\n\n<p>Uma equipe do Grupo Especial de Rea\u00e7\u00e3o (GER), com sete policiais, um do Servi\u00e7o Aerot\u00e1tico da Pol\u00edcia Civil, um delegado e seis papiloscopistas foi ao Sul do pa\u00eds para auxiliar os ga\u00fachos. Eles se juntam aos demais policiais e bombeiros paulistas que est\u00e3o no Rio Grande do Sul em miss\u00e3o humanit\u00e1ria.<\/p>\n\n\n\n<p>Os agentes do GER v\u00e3o auxiliar nos resgates e nas miss\u00f5es especiais em apoio aos policiais do estado. Eles n\u00e3o t\u00eam data prevista para voltar a S\u00e3o Paulo. Al\u00e9m deles, os papiloscopistas j\u00e1 iniciaram hoje uma for\u00e7a-tarefa para identifica\u00e7\u00e3o de v\u00edtimas das chuvas e tamb\u00e9m para agilizar a emiss\u00e3o de segunda via de documentos das pessoas que perderam tudo com os alagamentos.<\/p>\n\n\n\n<figure class=\"wp-block-image\"><img data-recalc-dims=\"1\" decoding=\"async\" src=\"https:\/\/i0.wp.com\/www.ssp.sp.gov.br\/midia\/Imagem\/D00054557.jpg?w=708\" alt=\"\"\/><\/figure>\n\n\n\n<p><strong>Bombeiros iniciam viagem ao Sul<\/strong><\/p>\n\n\n\n<p>Um grupo de 33 bombeiros deixou S\u00e3o Paulo no in\u00edcio da tarde deste s\u00e1bado (11) para se juntar \u00e0s demais equipes de socorristas que est\u00e3o auxiliando as v\u00edtimas nos munic\u00edpios ga\u00fachos.<\/p>\n\n\n\n<p>Os 33 profissionais est\u00e3o se deslocando com oito viaturas e sete embarca\u00e7\u00f5es. Eles v\u00e3o render os bombeiros que est\u00e3o h\u00e1 mais de uma semana no Rio Grande do Sul. A equipe est\u00e1 transportando mais materiais de log\u00edstica e equipamentos, principalmente, de resgate animal.<\/p>\n\n\n\n<figure class=\"wp-block-image\"><img data-recalc-dims=\"1\" decoding=\"async\" src=\"https:\/\/i0.wp.com\/www.ssp.sp.gov.br\/midia\/Imagem\/D00054559.jpg?w=708\" alt=\"\"\/><\/figure>\n\n\n\n<p>Nesta semana, os Bombeiros de S\u00e3o Paulo realizaram um dos resgates que chamaram a aten\u00e7\u00e3o em todo o pa\u00eds. O cavalo Caramelo, que estava ilhado em Canoas, na regi\u00e3o metropolitana de Porto Alegre, foi salvo gra\u00e7as a a\u00e7\u00e3o dos militares paulistas em conjunto com veterin\u00e1rios volunt\u00e1rios de S\u00e3o Paulo.<\/p>\n\n\n\n<p>A for\u00e7a-tarefa come\u00e7ou no dia anterior, quando os veterin\u00e1rios volunt\u00e1rios acionaram os Bombeiros para realizar o resgate do equino. Na manh\u00e3 de quinta-feira (9), os bombeiros em dois botes se deslocaram por quase cinco quil\u00f4metros pela \u00e1rea alagada at\u00e9 conseguir encontrar o animal. A equipe de veterin\u00e1rios acompanhou os socorristas num terceiro barco.<\/p>\n\n\n\n<p>O primeiro passo foi se aproximar do cavalo e realizar a seda\u00e7\u00e3o, para evitar que ele se machucasse ou ficasse nervoso com a presen\u00e7a dos humanos.<\/p>\n\n\n\n<p>Com o aux\u00edlio dos veterin\u00e1rios, o equino foi sedado de modo que ele pudesse ser transportado em seguran\u00e7a. O capit\u00e3o Tiago Franco, que participou da miss\u00e3o, admitiu que o animal estava debilitado, \u201cpor isso, tamb\u00e9m havia uma certa pressa em fazer o resgate\u201d.<\/p>\n\n\n\n<p>O veterin\u00e1rio Leonardo Castro disse que o trabalho conjunto foi fundamental para resgatar o animal. &#8220;Realizamos a conten\u00e7\u00e3o f\u00edsica e a partir da\u00ed foi necess\u00e1rio aplicar uma anestesia geral para que fosse colocado na balsa para ser puxado at\u00e9 terra firme&#8221;.<\/p>\n\n\n\n<p>O animal foi transportado por quase meia hora num bote dos Bombeiros, que teve a estrutura refor\u00e7ada para suportar o peso do animal de cerca de 400 quilos e tamb\u00e9m os ocupantes. Em terra firma, o cavalo foi levado a um hospital veterin\u00e1rio, onde recebeu tratamento.<\/p>\n\n\n\n<p><strong><em><strong><em><strong><em><strong><em><strong><em><strong><em><strong><em><strong><em><strong>Siga nossas redes sociais no\u00a0<a href=\"https:\/\/www.instagram.com\/ronipaparazzi\/\">Instagram\u00a0<\/a>e\u00a0<a href=\"https:\/\/www.facebook.com\/ronipaparazzicomvoce\">Facebook<\/a>\u00a0participe da nossa comunidade do Canal Roni Paparazzi no Whatsapp e receba as principais not\u00edcias do dia direto no seu celular.<\/strong>\u00a0<a href=\"https:\/\/chat.whatsapp.com\/GsG1XKo0jPOEfjzudWQcml\" target=\"_blank\" rel=\"noreferrer noopener\">\u00a0Clique aqui e se inscreva.<\/a><\/em><\/strong><\/em><\/strong><\/em><\/strong><\/em><\/strong><\/em><\/strong><\/em><\/strong><\/em><\/strong><\/em><\/strong><\/p>\n","protected":false},"excerpt":{"rendered":"<p>Logo cedo a equipe de policiais civis que chegou ao Rio Grande do Sul neste s\u00e1bado (11) come\u00e7ou a distribui\u00e7\u00e3o dos mantimentos arrecadados em S\u00e3o Paulo. Dois caminh\u00f5es com \u00e1gua e comida deixaram a capital paulista na quinta-feira (9). Uma equipe do Grupo Especial de Rea\u00e7\u00e3o (GER), com sete policiais, um do Servi\u00e7o Aerot\u00e1tico da &hellip;<\/p>\n","protected":false},"author":1,"featured_media":9732,"comment_status":"open","ping_status":"open","sticky":false,"template":"","format":"standard","meta":{"_jetpack_memberships_contains_paid_content":false,"footnotes":"","jetpack_publicize_message":"","jetpack_publicize_feature_enabled":true,"jetpack_social_post_already_shared":false,"jetpack_social_options":{"image_generator_settings":{"template":"highway","default_image_id":0,"enabled":false},"version":2}},"categories":[3],"tags":[],"class_list":["post-9731","post","type-post","status-publish","format-standard","has-post-thumbnail","hentry","category-policial"],"jetpack_publicize_connections":[],"jetpack_featured_media_url":"https:\/\/i0.wp.com\/www.paparazzinews.com.br\/wp-content\/uploads\/2024\/05\/00054560.jpg?fit=1270%2C715&ssl=1","views":"2852","jetpack_likes_enabled":true,"jetpack_sharing_enabled":true,"_links":{"self":[{"href":"https:\/\/www.paparazzinews.com.br\/index.php?rest_route=\/wp\/v2\/posts\/9731","targetHints":{"allow":["GET"]}}],"collection":[{"href":"https:\/\/www.paparazzinews.com.br\/index.php?rest_route=\/wp\/v2\/posts"}],"about":[{"href":"https:\/\/www.paparazzinews.com.br\/index.php?rest_route=\/wp\/v2\/types\/post"}],"author":[{"embeddable":true,"href":"https:\/\/www.paparazzinews.com.br\/index.php?rest_route=\/wp\/v2\/users\/1"}],"replies":[{"embeddable":true,"href":"https:\/\/www.paparazzinews.com.br\/index.php?rest_route=%2Fwp%2Fv2%2Fcomments&post=9731"}],"version-history":[{"count":1,"href":"https:\/\/www.paparazzinews.com.br\/index.php?rest_route=\/wp\/v2\/posts\/9731\/revisions"}],"predecessor-version":[{"id":9733,"href":"https:\/\/www.paparazzinews.com.br\/index.php?rest_route=\/wp\/v2\/posts\/9731\/revisions\/9733"}],"wp:featuredmedia":[{"embeddable":true,"href":"https:\/\/www.paparazzinews.com.br\/index.php?rest_route=\/wp\/v2\/media\/9732"}],"wp:attachment":[{"href":"https:\/\/www.paparazzinews.com.br\/index.php?rest_route=%2Fwp%2Fv2%2Fmedia&parent=9731"}],"wp:term":[{"taxonomy":"category","embeddable":true,"href":"https:\/\/www.paparazzinews.com.br\/index.php?rest_route=%2Fwp%2Fv2%2Fcategories&post=9731"},{"taxonomy":"post_tag","embeddable":true,"href":"https:\/\/www.paparazzinews.com.br\/index.php?rest_route=%2Fwp%2Fv2%2Ftags&post=9731"}],"curies":[{"name":"wp","href":"https:\/\/api.w.org\/{rel}","templated":true}]}}