{"id":9725,"date":"2024-05-10T16:19:16","date_gmt":"2024-05-10T19:19:16","guid":{"rendered":"https:\/\/www.paparazzinews.com.br\/?p=9725"},"modified":"2024-05-10T16:19:17","modified_gmt":"2024-05-10T19:19:17","slug":"adolescente-de-13-anos-bota-fogo-no-cabelo-da-colega-dentro-da-sala-de-aula","status":"publish","type":"post","link":"https:\/\/www.paparazzinews.com.br\/?p=9725","title":{"rendered":"Adolescente de 13 anos bota fogo no cabelo da colega dentro da sala de aula"},"content":{"rendered":"\n<p>Uma aluna de 14 anos teve os cabelos queimados dentro da sala de aula, em uma escola estadual de S\u00e3o Jos\u00e9 do Rio Preto, no interior de SP. A agress\u00e3o foi feita por um colega de sala, de 13 anos, que senta atr\u00e1s dela.<br><br>Segundo o boletim de ocorr\u00eancia, professora e alunos come\u00e7aram a sentir cheiro de queimado no ambiente; a v\u00edtima puxou os cabelos para frente e percebeu ele todo queimado e despeda\u00e7ado, um peda\u00e7o das madeixas chegou a cair.<br><br>Na diretoria, o adolescente disse que achou um isqueiro na sala e decidiu queimar os cabelos da colega. Os pais dos dois foram acionados e, ao ver a situa\u00e7\u00e3o da filha, a m\u00e3e acionou a Pol\u00edcia Militar e o caso foi parar na delegacia da Pol\u00edcia Civil.<\/p>\n\n\n\n<p>A v\u00edtima dever\u00e1 fazer exames no Instituto M\u00e9dico Legal (IML).<\/p>\n\n\n\n<p>A Secretaria de Educa\u00e7\u00e3o do Estado de SP ainda n\u00e3o respondeu a solicita\u00e7\u00e3o da reportagem; o espa\u00e7o continua aberto.<\/p>\n\n\n\n<p><strong><em><strong><em><strong><em><strong><em><strong><em><strong><em><strong><em><strong><em><strong>Siga nossas redes sociais no\u00a0<a href=\"https:\/\/www.instagram.com\/ronipaparazzi\/\">Instagram\u00a0<\/a>e\u00a0<a href=\"https:\/\/www.facebook.com\/ronipaparazzicomvoce\">Facebook<\/a>\u00a0participe da nossa comunidade do Canal Roni Paparazzi no Whatsapp e receba as principais not\u00edcias do dia direto no seu celular.<\/strong>\u00a0<a href=\"https:\/\/chat.whatsapp.com\/GsG1XKo0jPOEfjzudWQcml\" target=\"_blank\" rel=\"noreferrer noopener\">\u00a0Clique aqui e se inscreva.<\/a><\/em><\/strong><\/em><\/strong><\/em><\/strong><\/em><\/strong><\/em><\/strong><\/em><\/strong><\/em><\/strong><\/em><\/strong><\/p>\n","protected":false},"excerpt":{"rendered":"<p>Uma aluna de 14 anos teve os cabelos queimados dentro da sala de aula, em uma escola estadual de S\u00e3o Jos\u00e9 do Rio Preto, no interior de SP. A agress\u00e3o foi feita por um colega de sala, de 13 anos, que senta atr\u00e1s dela.Segundo o boletim de ocorr\u00eancia, professora e alunos come\u00e7aram a sentir cheiro &hellip;<\/p>\n","protected":false},"author":1,"featured_media":9726,"comment_status":"open","ping_status":"open","sticky":false,"template":"","format":"standard","meta":{"_jetpack_memberships_contains_paid_content":false,"footnotes":"","jetpack_publicize_message":"","jetpack_publicize_feature_enabled":true,"jetpack_social_post_already_shared":false,"jetpack_social_options":{"image_generator_settings":{"template":"highway","default_image_id":0,"enabled":false},"version":2}},"categories":[3],"tags":[],"class_list":["post-9725","post","type-post","status-publish","format-standard","has-post-thumbnail","hentry","category-policial"],"jetpack_publicize_connections":[],"jetpack_featured_media_url":"https:\/\/i0.wp.com\/www.paparazzinews.com.br\/wp-content\/uploads\/2024\/05\/WhatsApp-Image-2024-05-02-at-16.52.57.jpg?fit=320%2C187&ssl=1","views":"3456","jetpack_likes_enabled":true,"jetpack_sharing_enabled":true,"_links":{"self":[{"href":"https:\/\/www.paparazzinews.com.br\/index.php?rest_route=\/wp\/v2\/posts\/9725","targetHints":{"allow":["GET"]}}],"collection":[{"href":"https:\/\/www.paparazzinews.com.br\/index.php?rest_route=\/wp\/v2\/posts"}],"about":[{"href":"https:\/\/www.paparazzinews.com.br\/index.php?rest_route=\/wp\/v2\/types\/post"}],"author":[{"embeddable":true,"href":"https:\/\/www.paparazzinews.com.br\/index.php?rest_route=\/wp\/v2\/users\/1"}],"replies":[{"embeddable":true,"href":"https:\/\/www.paparazzinews.com.br\/index.php?rest_route=%2Fwp%2Fv2%2Fcomments&post=9725"}],"version-history":[{"count":1,"href":"https:\/\/www.paparazzinews.com.br\/index.php?rest_route=\/wp\/v2\/posts\/9725\/revisions"}],"predecessor-version":[{"id":9727,"href":"https:\/\/www.paparazzinews.com.br\/index.php?rest_route=\/wp\/v2\/posts\/9725\/revisions\/9727"}],"wp:featuredmedia":[{"embeddable":true,"href":"https:\/\/www.paparazzinews.com.br\/index.php?rest_route=\/wp\/v2\/media\/9726"}],"wp:attachment":[{"href":"https:\/\/www.paparazzinews.com.br\/index.php?rest_route=%2Fwp%2Fv2%2Fmedia&parent=9725"}],"wp:term":[{"taxonomy":"category","embeddable":true,"href":"https:\/\/www.paparazzinews.com.br\/index.php?rest_route=%2Fwp%2Fv2%2Fcategories&post=9725"},{"taxonomy":"post_tag","embeddable":true,"href":"https:\/\/www.paparazzinews.com.br\/index.php?rest_route=%2Fwp%2Fv2%2Ftags&post=9725"}],"curies":[{"name":"wp","href":"https:\/\/api.w.org\/{rel}","templated":true}]}}