{"id":9714,"date":"2024-05-10T15:09:12","date_gmt":"2024-05-10T18:09:12","guid":{"rendered":"https:\/\/www.paparazzinews.com.br\/?p=9714"},"modified":"2024-05-10T15:09:13","modified_gmt":"2024-05-10T18:09:13","slug":"em-um-ano-estado-vai-recompor-30-do-efetivo-da-policia-civil","status":"publish","type":"post","link":"https:\/\/www.paparazzinews.com.br\/?p=9714","title":{"rendered":"Em um ano, estado vai recompor 30% do efetivo da Pol\u00edcia Civil"},"content":{"rendered":"\n<p>At\u00e9 o final deste ano, a Pol\u00edcia Civil de S\u00e3o Paulo vai recompor 30% do efetivo de policiais. A expectativa \u00e9 de 7,5 mil policiais a mais para a corpora\u00e7\u00e3o, reduzindo o d\u00e9ficit herdado pela atual gest\u00e3o. Nesta sexta-feira (10), 4,1 mil delegados, investigadores, escriv\u00e3es e m\u00e9dicos-legistas tomaram posse. O evento foi realizado no Gin\u00e1sio do Ibirapuera, na zona sul de S\u00e3o Paulo.<\/p>\n\n\n\n<p>Al\u00e9m dos policiais que ingressam na corpora\u00e7\u00e3o, estamos tamb\u00e9m priorizando \u201ca valoriza\u00e7\u00e3o das carreiras, a recomposi\u00e7\u00e3o do efetivo e o investimento em tecnologia\u201d, disse o governador Tarc\u00edsio de Freitas durante a cerim\u00f4nia de posse.<\/p>\n\n\n\n<p>\u201cNo primeiro ano de gest\u00e3o, mesmo com um efetivo defasado, aumentamos a produ\u00e7\u00e3o policial, com a queda nos principais \u00edndices criminais. Agora queremos ampliar ainda mais esse trabalho em todo estado, inclusive, com a abertura de delegacias que foram fechadas anteriormente por falta de efetivo&#8221;, destacou o secret\u00e1rio da Seguran\u00e7a P\u00fablica, Guilherme Derrite. &#8220;A seguran\u00e7a p\u00fablica \u00e9 uma das principais demandas da popula\u00e7\u00e3o.\u201d<\/p>\n\n\n\n<p>O evento tornou-se a maior posse de policiais civis da hist\u00f3ria do estado. Por isso, houve a necessidade de montar uma estrutura ampla para receber todos os convocados. \u201cA maior pol\u00edcia do pa\u00eds viv\u00eancia um marco. \u00c9 a vit\u00f3ria pautada pela dedica\u00e7\u00e3o e persist\u00eancia\u201d, observou o delegado-geral, Artur Dian.&nbsp;<\/p>\n\n\n\n<p><strong>M\u00e9dica-legista passar\u00e1 primeiro dia das m\u00e3es sem a filha por sonho de se tornar policial civil<\/strong><\/p>\n\n\n\n<p>Aos 45 anos, Liliana Lisboa Sanches realizou um sonho de crian\u00e7a. Foi aprovada para ser m\u00e9dica-legista da Pol\u00edcia Civil, especialista em realizar exames para identifica\u00e7\u00e3o de vest\u00edgios e solucionar crimes.<\/p>\n\n\n\n<p>O tempo de espera n\u00e3o foi em v\u00e3o. Liliana tamb\u00e9m \u00e9 m\u00e3e e decidiu esperar a filha, Maria Laura, se tornar adolescente e come\u00e7ar a faculdade de medicina, profiss\u00e3o inspirada no desejo da m\u00e3e. A aprova\u00e7\u00e3o de Liliana no concurso da Pol\u00edcia Civil veio ap\u00f3s dois anos de estudo.<\/p>\n\n\n\n<p>A posse dos nomeados realizada hoje marcou algo in\u00e9dito na vida da m\u00e9dica: vai passar o primeiro dia das m\u00e3es longe da filha. \u201cEstou apreensiva de estar longe, mas ela est\u00e1 mais feliz do que eu de ver que estou realizando o meu sonho&#8221;, disse.<\/p>\n\n\n\n<p>Liliane mora em Tup\u00e3, a mais de 500 quil\u00f4metros da capital paulista, e sempre passava a data com a filha. Na pr\u00f3xima segunda-feira (13), a m\u00e9dica-legista come\u00e7ar\u00e1 o curso de forma\u00e7\u00e3o na Academia de Pol\u00edcia.<\/p>\n\n\n\n<figure class=\"wp-block-image\"><img data-recalc-dims=\"1\" decoding=\"async\" src=\"https:\/\/i0.wp.com\/www.ssp.sp.gov.br\/midia\/Imagem\/D00054523.jpg?w=708\" alt=\"\"\/><\/figure>\n\n\n\n<p>O mesmo sentimento \u00e9 tido pela investigadora de pol\u00edcia, Carolina Matos. M\u00e3e de dois meninos, de sete e nove anos, ela vai ficar longe de Presidente Prudente para poder dar continuidade na carreira. &#8220;Nunca fiquei tanto tempo sem eles por perto. Mas chega uma hora que n\u00e3o tem jeito, precisamos priorizar o que queremos ser na vida&#8221;, conta.<\/p>\n\n\n\n<p>Carolina estudava para ser delegada, mas no decorrer das aulas acabou por gostar mais da parte da investiga\u00e7\u00e3o. &#8220;Era algo que gostava muito e agora espero me realizar profissionalmente e poder contribuir de alguma forma para a sociedade&#8221;, complementa.<\/p>\n\n\n\n<p>A emo\u00e7\u00e3o em tomar posse era vista por muitos novos policiais no gin\u00e1sio. &#8220;D\u00e1 vontade de chorar s\u00f3 de entrar aqui e ver meus colegas felizes&#8221;, disse Jesiel Mesquita, que passar\u00e1 por tr\u00eas meses de forma\u00e7\u00e3o para ser escriv\u00e3o de pol\u00edcia. &#8220;No in\u00edcio voc\u00ea pensa que \u00e9 f\u00e1cil, mas depois v\u00ea o quanto o concurso \u00e9 complexo e o tanto que voc\u00ea precisa se abdicar de v\u00e1rias coisas para poder chegar at\u00e9 aqui&#8221;, relata sobre o per\u00edodo de estudos, que durou cerca de quatro anos.<\/p>\n\n\n\n<p><strong>Forma\u00e7\u00e3o<\/strong><\/p>\n\n\n\n<p>Todos os novos policiais ficar\u00e3o na Academia de Pol\u00edcia por uma semana. Depois ser\u00e3o divididos e designados para as Unidades de Ensino Policial (UEPs) espalhadas pelo estado.<\/p>\n\n\n\n<p>Os cursos de escriv\u00e3o, investigador e m\u00e9dico legista ter\u00e3o dura\u00e7\u00e3o m\u00e9dia de tr\u00eas meses. J\u00e1 os futuros delegados passar\u00e3o por cinco meses e meio de aulas. Durante o per\u00edodo os alunos passam por um est\u00e1gio nas unidades policiais e fazem o est\u00e1gio probat\u00f3rio de aptid\u00e3o ao cargo por 3 anos.<\/p>\n\n\n\n<p>Esta tamb\u00e9m \u00e9 a&nbsp;<a href=\"https:\/\/www.ssp.sp.gov.br\/noticia\/57339\"><strong>primeira turma de delegados e m\u00e9dicos legistas que receber\u00e3o o t\u00edtulo de especialistas nas \u00e1reas de direitos humanos e medicina legal<\/strong><\/a>, respectivamente. Antes, o curso de forma\u00e7\u00e3o para essas \u00e1reas era t\u00e9cnico-profissional, que segue para as carreiras de escriv\u00e3es e investigadores.<\/p>\n\n\n\n<p><strong><em><strong><em><strong><em><strong><em><strong><em><strong><em><strong><em><strong><em><strong>Siga nossas redes sociais no\u00a0<a href=\"https:\/\/www.instagram.com\/ronipaparazzi\/\">Instagram\u00a0<\/a>e\u00a0<a href=\"https:\/\/www.facebook.com\/ronipaparazzicomvoce\">Facebook<\/a>\u00a0participe da nossa comunidade do Canal Roni Paparazzi no Whatsapp e receba as principais not\u00edcias do dia direto no seu celular.<\/strong>\u00a0<a href=\"https:\/\/chat.whatsapp.com\/GsG1XKo0jPOEfjzudWQcml\" target=\"_blank\" rel=\"noreferrer noopener\">\u00a0Clique aqui e se inscreva.<\/a><\/em><\/strong><\/em><\/strong><\/em><\/strong><\/em><\/strong><\/em><\/strong><\/em><\/strong><\/em><\/strong><\/em><\/strong><\/p>\n","protected":false},"excerpt":{"rendered":"<p>At\u00e9 o final deste ano, a Pol\u00edcia Civil de S\u00e3o Paulo vai recompor 30% do efetivo de policiais. A expectativa \u00e9 de 7,5 mil policiais a mais para a corpora\u00e7\u00e3o, reduzindo o d\u00e9ficit herdado pela atual gest\u00e3o. Nesta sexta-feira (10), 4,1 mil delegados, investigadores, escriv\u00e3es e m\u00e9dicos-legistas tomaram posse. O evento foi realizado no Gin\u00e1sio &hellip;<\/p>\n","protected":false},"author":1,"featured_media":9715,"comment_status":"open","ping_status":"open","sticky":false,"template":"","format":"standard","meta":{"_jetpack_memberships_contains_paid_content":false,"footnotes":"","jetpack_publicize_message":"","jetpack_publicize_feature_enabled":true,"jetpack_social_post_already_shared":false,"jetpack_social_options":{"image_generator_settings":{"template":"highway","default_image_id":0,"enabled":false},"version":2}},"categories":[3],"tags":[],"class_list":["post-9714","post","type-post","status-publish","format-standard","has-post-thumbnail","hentry","category-policial"],"jetpack_publicize_connections":[],"jetpack_featured_media_url":"https:\/\/i0.wp.com\/www.paparazzinews.com.br\/wp-content\/uploads\/2024\/05\/00054524-scaled-e1715364543152.jpeg?fit=1000%2C750&ssl=1","views":"3398","jetpack_likes_enabled":true,"jetpack_sharing_enabled":true,"_links":{"self":[{"href":"https:\/\/www.paparazzinews.com.br\/index.php?rest_route=\/wp\/v2\/posts\/9714","targetHints":{"allow":["GET"]}}],"collection":[{"href":"https:\/\/www.paparazzinews.com.br\/index.php?rest_route=\/wp\/v2\/posts"}],"about":[{"href":"https:\/\/www.paparazzinews.com.br\/index.php?rest_route=\/wp\/v2\/types\/post"}],"author":[{"embeddable":true,"href":"https:\/\/www.paparazzinews.com.br\/index.php?rest_route=\/wp\/v2\/users\/1"}],"replies":[{"embeddable":true,"href":"https:\/\/www.paparazzinews.com.br\/index.php?rest_route=%2Fwp%2Fv2%2Fcomments&post=9714"}],"version-history":[{"count":1,"href":"https:\/\/www.paparazzinews.com.br\/index.php?rest_route=\/wp\/v2\/posts\/9714\/revisions"}],"predecessor-version":[{"id":9716,"href":"https:\/\/www.paparazzinews.com.br\/index.php?rest_route=\/wp\/v2\/posts\/9714\/revisions\/9716"}],"wp:featuredmedia":[{"embeddable":true,"href":"https:\/\/www.paparazzinews.com.br\/index.php?rest_route=\/wp\/v2\/media\/9715"}],"wp:attachment":[{"href":"https:\/\/www.paparazzinews.com.br\/index.php?rest_route=%2Fwp%2Fv2%2Fmedia&parent=9714"}],"wp:term":[{"taxonomy":"category","embeddable":true,"href":"https:\/\/www.paparazzinews.com.br\/index.php?rest_route=%2Fwp%2Fv2%2Fcategories&post=9714"},{"taxonomy":"post_tag","embeddable":true,"href":"https:\/\/www.paparazzinews.com.br\/index.php?rest_route=%2Fwp%2Fv2%2Ftags&post=9714"}],"curies":[{"name":"wp","href":"https:\/\/api.w.org\/{rel}","templated":true}]}}