{"id":9683,"date":"2024-05-09T14:58:50","date_gmt":"2024-05-09T17:58:50","guid":{"rendered":"https:\/\/www.paparazzinews.com.br\/?p=9683"},"modified":"2024-05-09T14:58:51","modified_gmt":"2024-05-09T17:58:51","slug":"forca-tatica-de-andradina-batiza-mais-2-policiais-para-integrar-equipe","status":"publish","type":"post","link":"https:\/\/www.paparazzinews.com.br\/?p=9683","title":{"rendered":"For\u00e7a T\u00e1tica de Andradina batiza mais 2 policiais para integrar equipe"},"content":{"rendered":"\n<p>O Pelot\u00e3o de For\u00e7a T\u00e1tica, integrante da rec\u00e9m-criada Companhia de For\u00e7a T\u00e1tica do 28\u00ba BPM\/I de Andradina SP, tem dois novos integrantes: O 1\u00ba Sgt PM Voltarelli e o Cb PM Miloch, ap\u00f3s frequentarem o est\u00e1gio, de cerca de 90 dias, em que foram submetidos a intensos treinamentos f\u00edsicos, t\u00e9cnicos e te\u00f3ricos, foram aprovados e integrados ao Pelot\u00e3o, em cerim\u00f4nia cheia de significados simb\u00f3licos.<\/p>\n\n\n\n<p>Aproveitando a ocasi\u00e3o e oportunidade, realizaram ainda um treinamento t\u00e9cnico e t\u00e1tico. A For\u00e7a T\u00e1tica \u00e9 um grupo dentro do efetivo de cada Batalh\u00e3o, que atua no apoio aos demais programas de policiamento, no atendimento de ocorr\u00eancias complexas e ultraviolentas, rebeli\u00f5es em pres\u00eddios, desinterdi\u00e7\u00e3o de rodovias ou terrenos invadidos, atuando como Pelot\u00e3o de Choque.<\/p>\n\n\n\n<p>Utilizam viaturas de grande porte, tipo Trail Blazer 4 x 4 diesel, e levam armamento de apoio como fuzis e espingarda calibre 12, muni\u00e7\u00e3o extra, muni\u00e7\u00e3o qu\u00edmica, capacete e escudos bal\u00edsticos, alicate corta frio, marreta, fac\u00e3o, machado, corda de rapel e outros equipamentos, e atua em todas as 12 cidades da \u00e1rea do Batalh\u00e3o.<\/p>\n\n\n\n<p><strong><em><strong><em><strong><em><strong><em><strong><em><strong><em><strong><em><strong><em><strong>Siga nossas redes sociais no\u00a0<a href=\"https:\/\/www.instagram.com\/ronipaparazzi\/\">Instagram\u00a0<\/a>e\u00a0<a href=\"https:\/\/www.facebook.com\/ronipaparazzicomvoce\">Facebook<\/a>\u00a0participe da nossa comunidade do Canal Roni Paparazzi no Whatsapp e receba as principais not\u00edcias do dia direto no seu celular.<\/strong>\u00a0<a href=\"https:\/\/chat.whatsapp.com\/GsG1XKo0jPOEfjzudWQcml\" target=\"_blank\" rel=\"noreferrer noopener\">\u00a0Clique aqui e se inscreva.<\/a><\/em><\/strong><\/em><\/strong><\/em><\/strong><\/em><\/strong><\/em><\/strong><\/em><\/strong><\/em><\/strong><\/em><\/strong><\/p>\n","protected":false},"excerpt":{"rendered":"<p>O Pelot\u00e3o de For\u00e7a T\u00e1tica, integrante da rec\u00e9m-criada Companhia de For\u00e7a T\u00e1tica do 28\u00ba BPM\/I de Andradina SP, tem dois novos integrantes: O 1\u00ba Sgt PM Voltarelli e o Cb PM Miloch, ap\u00f3s frequentarem o est\u00e1gio, de cerca de 90 dias, em que foram submetidos a intensos treinamentos f\u00edsicos, t\u00e9cnicos e te\u00f3ricos, foram aprovados e &hellip;<\/p>\n","protected":false},"author":1,"featured_media":9684,"comment_status":"open","ping_status":"open","sticky":false,"template":"","format":"standard","meta":{"_jetpack_memberships_contains_paid_content":false,"footnotes":"","jetpack_publicize_message":"","jetpack_publicize_feature_enabled":true,"jetpack_social_post_already_shared":false,"jetpack_social_options":{"image_generator_settings":{"template":"highway","default_image_id":0,"enabled":false},"version":2}},"categories":[3],"tags":[],"class_list":["post-9683","post","type-post","status-publish","format-standard","has-post-thumbnail","hentry","category-policial"],"jetpack_publicize_connections":[],"jetpack_featured_media_url":"https:\/\/i0.wp.com\/www.paparazzinews.com.br\/wp-content\/uploads\/2024\/05\/FT.jpg?fit=1000%2C500&ssl=1","views":"3639","jetpack_likes_enabled":true,"jetpack_sharing_enabled":true,"_links":{"self":[{"href":"https:\/\/www.paparazzinews.com.br\/index.php?rest_route=\/wp\/v2\/posts\/9683","targetHints":{"allow":["GET"]}}],"collection":[{"href":"https:\/\/www.paparazzinews.com.br\/index.php?rest_route=\/wp\/v2\/posts"}],"about":[{"href":"https:\/\/www.paparazzinews.com.br\/index.php?rest_route=\/wp\/v2\/types\/post"}],"author":[{"embeddable":true,"href":"https:\/\/www.paparazzinews.com.br\/index.php?rest_route=\/wp\/v2\/users\/1"}],"replies":[{"embeddable":true,"href":"https:\/\/www.paparazzinews.com.br\/index.php?rest_route=%2Fwp%2Fv2%2Fcomments&post=9683"}],"version-history":[{"count":1,"href":"https:\/\/www.paparazzinews.com.br\/index.php?rest_route=\/wp\/v2\/posts\/9683\/revisions"}],"predecessor-version":[{"id":9685,"href":"https:\/\/www.paparazzinews.com.br\/index.php?rest_route=\/wp\/v2\/posts\/9683\/revisions\/9685"}],"wp:featuredmedia":[{"embeddable":true,"href":"https:\/\/www.paparazzinews.com.br\/index.php?rest_route=\/wp\/v2\/media\/9684"}],"wp:attachment":[{"href":"https:\/\/www.paparazzinews.com.br\/index.php?rest_route=%2Fwp%2Fv2%2Fmedia&parent=9683"}],"wp:term":[{"taxonomy":"category","embeddable":true,"href":"https:\/\/www.paparazzinews.com.br\/index.php?rest_route=%2Fwp%2Fv2%2Fcategories&post=9683"},{"taxonomy":"post_tag","embeddable":true,"href":"https:\/\/www.paparazzinews.com.br\/index.php?rest_route=%2Fwp%2Fv2%2Ftags&post=9683"}],"curies":[{"name":"wp","href":"https:\/\/api.w.org\/{rel}","templated":true}]}}