{"id":959,"date":"2022-10-17T16:20:44","date_gmt":"2022-10-17T19:20:44","guid":{"rendered":"https:\/\/www.paparazzinews.com.br\/?p=959"},"modified":"2022-10-17T16:20:45","modified_gmt":"2022-10-17T19:20:45","slug":"itamar-volta-a-ser-vereador-por-castilho","status":"publish","type":"post","link":"https:\/\/www.paparazzinews.com.br\/?p=959","title":{"rendered":"Itamar volta a ser vereador por Castilho"},"content":{"rendered":"\n<p>O comerciante castilhense Itamar Vieira dos Santos apresentou sua documenta\u00e7\u00e3o hoje (17), para assumir a cadeira legislativa como vereador no lugar do Marquinhos da Ambul\u00e2ncia, que faleceu no \u00faltimo dia 12.<\/p>\n\n\n\n<p>A C\u00e2mara Municipal por seu presidente Ailton Pereira apresentou a exonera\u00e7\u00e3o e convocou o suplente Itamar para seguir seu segundo mandato na casa.<\/p>\n\n\n\n<p>O nobre edil obteve 199 votos na \u00faltima elei\u00e7\u00e3o onde buscava reelei\u00e7\u00e3o. A sua posse deve ocorrer na pr\u00f3xima segunda-feira (24). &nbsp;<\/p>\n","protected":false},"excerpt":{"rendered":"<p>O comerciante castilhense Itamar Vieira dos Santos apresentou sua documenta\u00e7\u00e3o hoje (17), para assumir a cadeira legislativa como vereador no lugar do Marquinhos da Ambul\u00e2ncia, que faleceu no \u00faltimo dia 12. A C\u00e2mara Municipal por seu presidente Ailton Pereira apresentou a exonera\u00e7\u00e3o e convocou o suplente Itamar para seguir seu segundo mandato na casa. O &hellip;<\/p>\n","protected":false},"author":1,"featured_media":960,"comment_status":"open","ping_status":"open","sticky":false,"template":"","format":"standard","meta":{"_jetpack_memberships_contains_paid_content":false,"footnotes":"","jetpack_publicize_message":"","jetpack_publicize_feature_enabled":true,"jetpack_social_post_already_shared":false,"jetpack_social_options":{"image_generator_settings":{"template":"highway","default_image_id":0,"enabled":false},"version":2}},"categories":[4],"tags":[],"class_list":["post-959","post","type-post","status-publish","format-standard","has-post-thumbnail","hentry","category-regiao"],"jetpack_publicize_connections":[],"jetpack_featured_media_url":"https:\/\/i0.wp.com\/www.paparazzinews.com.br\/wp-content\/uploads\/2022\/10\/20181003_104450.jpg?fit=1024%2C498&ssl=1","views":"3162","jetpack_likes_enabled":true,"jetpack_sharing_enabled":true,"_links":{"self":[{"href":"https:\/\/www.paparazzinews.com.br\/index.php?rest_route=\/wp\/v2\/posts\/959","targetHints":{"allow":["GET"]}}],"collection":[{"href":"https:\/\/www.paparazzinews.com.br\/index.php?rest_route=\/wp\/v2\/posts"}],"about":[{"href":"https:\/\/www.paparazzinews.com.br\/index.php?rest_route=\/wp\/v2\/types\/post"}],"author":[{"embeddable":true,"href":"https:\/\/www.paparazzinews.com.br\/index.php?rest_route=\/wp\/v2\/users\/1"}],"replies":[{"embeddable":true,"href":"https:\/\/www.paparazzinews.com.br\/index.php?rest_route=%2Fwp%2Fv2%2Fcomments&post=959"}],"version-history":[{"count":1,"href":"https:\/\/www.paparazzinews.com.br\/index.php?rest_route=\/wp\/v2\/posts\/959\/revisions"}],"predecessor-version":[{"id":961,"href":"https:\/\/www.paparazzinews.com.br\/index.php?rest_route=\/wp\/v2\/posts\/959\/revisions\/961"}],"wp:featuredmedia":[{"embeddable":true,"href":"https:\/\/www.paparazzinews.com.br\/index.php?rest_route=\/wp\/v2\/media\/960"}],"wp:attachment":[{"href":"https:\/\/www.paparazzinews.com.br\/index.php?rest_route=%2Fwp%2Fv2%2Fmedia&parent=959"}],"wp:term":[{"taxonomy":"category","embeddable":true,"href":"https:\/\/www.paparazzinews.com.br\/index.php?rest_route=%2Fwp%2Fv2%2Fcategories&post=959"},{"taxonomy":"post_tag","embeddable":true,"href":"https:\/\/www.paparazzinews.com.br\/index.php?rest_route=%2Fwp%2Fv2%2Ftags&post=959"}],"curies":[{"name":"wp","href":"https:\/\/api.w.org\/{rel}","templated":true}]}}