{"id":956,"date":"2022-10-17T15:59:20","date_gmt":"2022-10-17T18:59:20","guid":{"rendered":"https:\/\/www.paparazzinews.com.br\/?p=956"},"modified":"2022-10-17T15:59:22","modified_gmt":"2022-10-17T18:59:22","slug":"castilho-perde-base-ambiental-andradina-sera-novo-endereco","status":"publish","type":"post","link":"https:\/\/www.paparazzinews.com.br\/?p=956","title":{"rendered":"Castilho perde base ambiental, Andradina ser\u00e1 novo endere\u00e7o"},"content":{"rendered":"\n<p>O Governo de Andradina iniciou a reforma e constru\u00e7\u00e3o de uma moderna base para a Pol\u00edcia Ambiental que hoje encontra-se sediada em Castilho e que ir\u00e1 se transferir para Andradina.<\/p>\n\n\n\n<p><br>O local ser\u00e1 onde originalmente era instalada a Pol\u00edcia Ambiental, o Horto Florestal de Andradina, antigo Bosque Municipal. As obras j\u00e1 come\u00e7aram e o investimento \u00e9 de mais de R$ 260 mil.<\/p>\n\n\n\n<p>A localiza\u00e7\u00e3o da nova base \u00e9 considerada um ponto estrat\u00e9gico na regi\u00e3o pela posi\u00e7\u00e3o geogr\u00e1fica de Andradina em rela\u00e7\u00e3o as 17 cidades da \u00e1rea de abrang\u00eancia da Pol\u00edcia Ambiental. \u201cO local passa a ser muito estrat\u00e9gico porque Andradina \u00e9 um centro regional e \u00e9 o maior munic\u00edpio dos 15 atendidos pela Pol\u00edcia Ambiental. Ser\u00e1 uma sede \u00e0 altura do munic\u00edpio\u201d, disse o Diretor de Seguran\u00e7a P\u00fablica Andr\u00e9 Luiz de Lima Augusto.<\/p>\n\n\n\n<p><br>Importante destacar que o 2\u00ba Pelot\u00e3o da PM Ambiental \u00e9 respons\u00e1vel pelo policiamento preventivo e repressivo em uma imensa \u00e1rea de terras, localizados em munic\u00edpios com imensos territ\u00f3rios como Andradina e Castilho, al\u00e9m de outros 15 no entorno, com uma \u00e1rea de abrang\u00eancia que equivale a 1\/3 de todo o territ\u00f3rio da Regi\u00e3o Administrativa de Ara\u00e7atuba. A constru\u00e7\u00e3o e reforma da base faz parte de um projeto maior do prefeito M\u00e1rio Celso Lopes de revitaliza\u00e7\u00e3o do espa\u00e7o e reabertura do Horto Florestal \u00e0 visita\u00e7\u00e3o p\u00fablica.<\/p>\n","protected":false},"excerpt":{"rendered":"<p>O Governo de Andradina iniciou a reforma e constru\u00e7\u00e3o de uma moderna base para a Pol\u00edcia Ambiental que hoje encontra-se sediada em Castilho e que ir\u00e1 se transferir para Andradina. O local ser\u00e1 onde originalmente era instalada a Pol\u00edcia Ambiental, o Horto Florestal de Andradina, antigo Bosque Municipal. As obras j\u00e1 come\u00e7aram e o investimento &hellip;<\/p>\n","protected":false},"author":1,"featured_media":957,"comment_status":"open","ping_status":"open","sticky":false,"template":"","format":"standard","meta":{"_jetpack_memberships_contains_paid_content":false,"footnotes":"","jetpack_publicize_message":"","jetpack_publicize_feature_enabled":true,"jetpack_social_post_already_shared":false,"jetpack_social_options":{"image_generator_settings":{"template":"highway","default_image_id":0,"enabled":false},"version":2}},"categories":[4],"tags":[],"class_list":["post-956","post","type-post","status-publish","format-standard","has-post-thumbnail","hentry","category-regiao"],"jetpack_publicize_connections":[],"jetpack_featured_media_url":"https:\/\/i0.wp.com\/www.paparazzinews.com.br\/wp-content\/uploads\/2022\/10\/60aa0fc8-d85c-41c6-8398-2c9205e1b26a-e1666033134673.jpg?fit=1000%2C666&ssl=1","views":"3031","jetpack_likes_enabled":true,"jetpack_sharing_enabled":true,"_links":{"self":[{"href":"https:\/\/www.paparazzinews.com.br\/index.php?rest_route=\/wp\/v2\/posts\/956","targetHints":{"allow":["GET"]}}],"collection":[{"href":"https:\/\/www.paparazzinews.com.br\/index.php?rest_route=\/wp\/v2\/posts"}],"about":[{"href":"https:\/\/www.paparazzinews.com.br\/index.php?rest_route=\/wp\/v2\/types\/post"}],"author":[{"embeddable":true,"href":"https:\/\/www.paparazzinews.com.br\/index.php?rest_route=\/wp\/v2\/users\/1"}],"replies":[{"embeddable":true,"href":"https:\/\/www.paparazzinews.com.br\/index.php?rest_route=%2Fwp%2Fv2%2Fcomments&post=956"}],"version-history":[{"count":1,"href":"https:\/\/www.paparazzinews.com.br\/index.php?rest_route=\/wp\/v2\/posts\/956\/revisions"}],"predecessor-version":[{"id":958,"href":"https:\/\/www.paparazzinews.com.br\/index.php?rest_route=\/wp\/v2\/posts\/956\/revisions\/958"}],"wp:featuredmedia":[{"embeddable":true,"href":"https:\/\/www.paparazzinews.com.br\/index.php?rest_route=\/wp\/v2\/media\/957"}],"wp:attachment":[{"href":"https:\/\/www.paparazzinews.com.br\/index.php?rest_route=%2Fwp%2Fv2%2Fmedia&parent=956"}],"wp:term":[{"taxonomy":"category","embeddable":true,"href":"https:\/\/www.paparazzinews.com.br\/index.php?rest_route=%2Fwp%2Fv2%2Fcategories&post=956"},{"taxonomy":"post_tag","embeddable":true,"href":"https:\/\/www.paparazzinews.com.br\/index.php?rest_route=%2Fwp%2Fv2%2Ftags&post=956"}],"curies":[{"name":"wp","href":"https:\/\/api.w.org\/{rel}","templated":true}]}}