{"id":953,"date":"2022-10-17T15:54:50","date_gmt":"2022-10-17T18:54:50","guid":{"rendered":"https:\/\/www.paparazzinews.com.br\/?p=953"},"modified":"2022-10-17T15:54:51","modified_gmt":"2022-10-17T18:54:51","slug":"criancas-e-saneamento-entenda-a-importancia-para-a-fase-infantil","status":"publish","type":"post","link":"https:\/\/www.paparazzinews.com.br\/?p=953","title":{"rendered":"CRIAN\u00c7AS E SANEAMENTO: entenda a import\u00e2ncia para a fase infantil"},"content":{"rendered":"\n<p>Voc\u00ea sabia que o saneamento b\u00e1sico est\u00e1 diretamente ligado \u00e0 qualidade da sa\u00fade e at\u00e9 mesmo no rendimento escolar das crian\u00e7as? Esse servi\u00e7o \u00e9 t\u00e3o essencial para o desenvolvimento de qualquer sociedade, em especial na fase infantil, que, em 2016, a ONU (Organiza\u00e7\u00e3o das Na\u00e7\u00f5es Unidas) o declarou como um direito humano.&nbsp;<\/p>\n\n\n\n<p>Neste m\u00eas, em que \u00e9 comemorado o Dia das Crian\u00e7as (12\/10), \u00e9 importante evidenciar que, em Andradina e Castilho, a popula\u00e7\u00e3o conta com \u00e1gua e esgoto tratados devido aos investimentos realizados pela \u00c1guas Andradina e \u00c1guas Castilho, empresas do Grupo Igu\u00e1 e Sabesp.<\/p>\n\n\n\n<p>\u201cInvestimos em melhorias nos servi\u00e7os de \u00e1gua e esgoto e, desde quando chegamos nas cidades, a \u00e1gua passou a ser fluoreta, criando as primeiras gera\u00e7\u00f5es de crian\u00e7as que podem contar com fl\u00faor direto da torneira. Este elemento \u00e9 considerado pelos profissionais da odontologia um importante mineral para a manuten\u00e7\u00e3o da sa\u00fade bucal, principalmente nos primeiros anos de vida.\u201d, afirma o gerente operacional da \u00c1guas Andradina e \u00c1guas Castilho, Matheus Felipe Silva.<\/p>\n\n\n\n<p>\u00c9 importante lembrar que essa realidade \u00e9 bem diferente do restante do Brasil, j\u00e1 que aproximadamente 13 milh\u00f5es de crian\u00e7as n\u00e3o usufruem desse servi\u00e7o, segundo informa\u00e7\u00f5es do Instituto Trata Brasil, colocando a popula\u00e7\u00e3o com at\u00e9 doze anos em situa\u00e7\u00f5es de vulnerabilidade em diferentes aspectos sociais fundamentais.<\/p>\n\n\n\n<p><strong>Por que o saneamento \u00e9 t\u00e3o importante?<\/strong><\/p>\n\n\n\n<ul class=\"wp-block-list\"><li>A ONU afirma que o baixo rendimento escolar, o \u00edndice de reprova\u00e7\u00e3o e a evas\u00e3o escolar s\u00e3o bem maiores em \u00e1reas sem infraestrutura de saneamento.<\/li><li>Em comunidades onde o esgoto n\u00e3o \u00e9 tratado e corre ao c\u00e9u aberto com falta de \u00e1gua tratada h\u00e1 riscos de surtos de doen\u00e7as que comprometem a sa\u00fade das crian\u00e7as e causam grandes impactos no sistema de sa\u00fade. Segundo a OMS (Organiza\u00e7\u00e3o Mundial da Sa\u00fade), 80% das diarr\u00e9ias agudas no mundo est\u00e3o relacionadas ao consumo de \u00e1gua impr\u00f3pria, higiene prec\u00e1ria em regi\u00f5es de pouca disponibilidade desse recurso e aus\u00eancia ou precariedade de esgotamento sanit\u00e1rio.<\/li><li>No Brasil, 28% das crian\u00e7as de 4 e 5 anos matriculadas na pr\u00e9-escola estudam em estabelecimentos sem todos os itens de saneamento b\u00e1sico, ou seja, n\u00e3o t\u00eam acesso a pelo menos um desses servi\u00e7os: \u00e1gua filtrada, esgotamento sanit\u00e1rio e coleta de lixo. Nas creches, 21% das crian\u00e7as at\u00e9 os 3 anos de idade n\u00e3o t\u00eam acesso ao servi\u00e7o b\u00e1sico. Os dados s\u00e3o do Observat\u00f3rio do Marco Legal da Primeira Inf\u00e2ncia (Observa).&nbsp;&nbsp;<\/li><li>Sem saneamento, tanto as crian\u00e7as ficam mais expostas a doen\u00e7as como hepatite A, verminoses, dengue e \u00e0 pr\u00f3pria covid-19, uma vez que uma das recomenda\u00e7\u00f5es para evitar o cont\u00e1gio \u00e9 lavar as m\u00e3os com frequ\u00eancia.<\/li><\/ul>\n\n\n\n<p><strong>A\u00e7\u00f5es socioambientais<\/strong><\/p>\n\n\n\n<p>Como parte da agenda de atividades das \u00e1reas de Responsabilidade Social e Meio ambiente, a \u00c1guas Andradina e \u00c1guas Castilho realizam no decorrer de todo ano a\u00e7\u00f5es, junto \u00e0s comunidades, e em especial direcionadas \u00e0s crian\u00e7as, como palestras aos estudantes como o projeto \u201c\u00c1guas Andradina e \u00c1guas Castilho nas Escolas\u201d, visitas monitoradas nas instala\u00e7\u00f5es da empresa pelo programa \u201cVoc\u00ea no Saneamento\u201d, plantios de \u00e1rvores, doa\u00e7\u00f5es. \u201cAs crian\u00e7as s\u00e3o grandes propagadoras de conhecimento em suas fam\u00edlias e nas comunidades onde vivem e trabalhar assuntos ligados \u00e0 consci\u00eancia ambiental \u00e9 uma potente forma de criar cidad\u00e3os comprometidos com o meio ambiente e as cidades\u201d, explica Matheus.<\/p>\n\n\n\n<p>Nesta Semana das Crian\u00e7as, as concession\u00e1rias levaram \u00e1gua fresca e de qualidade com o&nbsp;Aquam\u00f3vel para os participantes das atividades realizadas pela Prefeitura de Andradina, Rotaract Clube de Andradina e Prefeitura de Castilho.&nbsp;<\/p>\n","protected":false},"excerpt":{"rendered":"<p>Voc\u00ea sabia que o saneamento b\u00e1sico est\u00e1 diretamente ligado \u00e0 qualidade da sa\u00fade e at\u00e9 mesmo no rendimento escolar das crian\u00e7as? Esse servi\u00e7o \u00e9 t\u00e3o essencial para o desenvolvimento de qualquer sociedade, em especial na fase infantil, que, em 2016, a ONU (Organiza\u00e7\u00e3o das Na\u00e7\u00f5es Unidas) o declarou como um direito humano.&nbsp; Neste m\u00eas, em &hellip;<\/p>\n","protected":false},"author":1,"featured_media":954,"comment_status":"open","ping_status":"open","sticky":false,"template":"","format":"standard","meta":{"_jetpack_memberships_contains_paid_content":false,"footnotes":"","jetpack_publicize_message":"","jetpack_publicize_feature_enabled":true,"jetpack_social_post_already_shared":false,"jetpack_social_options":{"image_generator_settings":{"template":"highway","default_image_id":0,"enabled":false},"version":2}},"categories":[4],"tags":[],"class_list":["post-953","post","type-post","status-publish","format-standard","has-post-thumbnail","hentry","category-regiao"],"jetpack_publicize_connections":[],"jetpack_featured_media_url":"https:\/\/i0.wp.com\/www.paparazzinews.com.br\/wp-content\/uploads\/2022\/10\/Opcoes-de-IMagens-para-release-Dia-das-Criancas-2023-2.png?fit=1024%2C683&ssl=1","views":"2636","jetpack_likes_enabled":true,"jetpack_sharing_enabled":true,"_links":{"self":[{"href":"https:\/\/www.paparazzinews.com.br\/index.php?rest_route=\/wp\/v2\/posts\/953","targetHints":{"allow":["GET"]}}],"collection":[{"href":"https:\/\/www.paparazzinews.com.br\/index.php?rest_route=\/wp\/v2\/posts"}],"about":[{"href":"https:\/\/www.paparazzinews.com.br\/index.php?rest_route=\/wp\/v2\/types\/post"}],"author":[{"embeddable":true,"href":"https:\/\/www.paparazzinews.com.br\/index.php?rest_route=\/wp\/v2\/users\/1"}],"replies":[{"embeddable":true,"href":"https:\/\/www.paparazzinews.com.br\/index.php?rest_route=%2Fwp%2Fv2%2Fcomments&post=953"}],"version-history":[{"count":1,"href":"https:\/\/www.paparazzinews.com.br\/index.php?rest_route=\/wp\/v2\/posts\/953\/revisions"}],"predecessor-version":[{"id":955,"href":"https:\/\/www.paparazzinews.com.br\/index.php?rest_route=\/wp\/v2\/posts\/953\/revisions\/955"}],"wp:featuredmedia":[{"embeddable":true,"href":"https:\/\/www.paparazzinews.com.br\/index.php?rest_route=\/wp\/v2\/media\/954"}],"wp:attachment":[{"href":"https:\/\/www.paparazzinews.com.br\/index.php?rest_route=%2Fwp%2Fv2%2Fmedia&parent=953"}],"wp:term":[{"taxonomy":"category","embeddable":true,"href":"https:\/\/www.paparazzinews.com.br\/index.php?rest_route=%2Fwp%2Fv2%2Fcategories&post=953"},{"taxonomy":"post_tag","embeddable":true,"href":"https:\/\/www.paparazzinews.com.br\/index.php?rest_route=%2Fwp%2Fv2%2Ftags&post=953"}],"curies":[{"name":"wp","href":"https:\/\/api.w.org\/{rel}","templated":true}]}}