{"id":9420,"date":"2024-04-25T14:12:59","date_gmt":"2024-04-25T17:12:59","guid":{"rendered":"https:\/\/www.paparazzinews.com.br\/?p=9420"},"modified":"2024-04-25T14:13:00","modified_gmt":"2024-04-25T17:13:00","slug":"procurado-homem-e-preso-em-andradina-com-celular-furtado","status":"publish","type":"post","link":"https:\/\/www.paparazzinews.com.br\/?p=9420","title":{"rendered":"PROCURADO: Homem \u00e9 preso em Andradina com celular furtado"},"content":{"rendered":"\n<p>A equipe de RPM \u2013 Radio patrulhamento com Motocicletas, criada recentemente para refor\u00e7ar o patrulhamento na cidade de Andradina, com foco principal em coibir as infra\u00e7\u00f5es de tr\u00e2nsito cometidas por motociclistas, bem como o furto destes ve\u00edculos, nesta quarta-feira, dia 24 de abril, em patrulhamento pelo bairro Ot\u00e1vio Minholi.<\/p>\n\n\n\n<p>Abordou indiv\u00edduo morador da cidade na via p\u00fablica e, em pesquisas junto ao COPOM, constataram que havia em seu desfavor um mandado de pris\u00e3o, com pena de 05 anos de reclus\u00e3o em regime fechado pelo crime de tr\u00e1fico de drogas, sendo ent\u00e3o preso e encaminhado ao 1\u00ba DP, onde ficou recolhido em uma cela, \u00e0 disposi\u00e7\u00e3o da justi\u00e7a.<\/p>\n\n\n\n<p>Ainda na data de ontem, agora pelo bairro Nova Cana\u00e3, a equipe abordou outro indiv\u00edduo que caminhava na via p\u00fablica ostentando volume em sua cintura. Submetido a busca pessoal, constataram que se tratava de um aparelho celular.<\/p>\n\n\n\n<p>Indagado, declarou ser dependente qu\u00edmico, e que havia acabado de sair de uma cl\u00ednica de reabilita\u00e7\u00e3o, onde havia ganhado o aparelho de presente. Em pesquisas, constataram que o aparelho celular havia sido furtado um dia antes, na cidade de Presidente Prudente.<\/p>\n\n\n\n<p>O indiv\u00edduo foi detido e encaminhado ao plant\u00e3o policial, onde o fato foi registrado, o aparelho apreendido e o indiv\u00edduo liberado ao t\u00e9rmino dos trabalhos.<\/p>\n\n\n\n<p><strong><em><strong><em><strong><em><strong><em><strong><em><strong><em><strong><em><strong><em><strong>Siga nossas redes sociais no\u00a0<a href=\"https:\/\/www.instagram.com\/ronipaparazzi\/\">Instagram\u00a0<\/a>e\u00a0<a href=\"https:\/\/www.facebook.com\/ronipaparazzicomvoce\">Facebook<\/a>\u00a0participe da nossa comunidade do Canal Roni Paparazzi no Whatsapp e receba as principais not\u00edcias do dia direto no seu celular.<\/strong>\u00a0<a href=\"https:\/\/chat.whatsapp.com\/GsG1XKo0jPOEfjzudWQcml\" target=\"_blank\" rel=\"noreferrer noopener\">\u00a0Clique aqui e se inscreva.<\/a><\/em><\/strong><\/em><\/strong><\/em><\/strong><\/em><\/strong><\/em><\/strong><\/em><\/strong><\/em><\/strong><\/em><\/strong><\/p>\n","protected":false},"excerpt":{"rendered":"<p>A equipe de RPM \u2013 Radio patrulhamento com Motocicletas, criada recentemente para refor\u00e7ar o patrulhamento na cidade de Andradina, com foco principal em coibir as infra\u00e7\u00f5es de tr\u00e2nsito cometidas por motociclistas, bem como o furto destes ve\u00edculos, nesta quarta-feira, dia 24 de abril, em patrulhamento pelo bairro Ot\u00e1vio Minholi. Abordou indiv\u00edduo morador da cidade na &hellip;<\/p>\n","protected":false},"author":1,"featured_media":9421,"comment_status":"open","ping_status":"open","sticky":false,"template":"","format":"standard","meta":{"_jetpack_memberships_contains_paid_content":false,"footnotes":"","jetpack_publicize_message":"","jetpack_publicize_feature_enabled":true,"jetpack_social_post_already_shared":false,"jetpack_social_options":{"image_generator_settings":{"template":"highway","default_image_id":0,"enabled":false},"version":2}},"categories":[3],"tags":[],"class_list":["post-9420","post","type-post","status-publish","format-standard","has-post-thumbnail","hentry","category-policial"],"jetpack_publicize_connections":[],"jetpack_featured_media_url":"https:\/\/i0.wp.com\/www.paparazzinews.com.br\/wp-content\/uploads\/2024\/04\/3d55d048-d0b5-4b43-8131-d8d0cb99b8f7.jpg?fit=1600%2C1200&ssl=1","views":"2671","jetpack_likes_enabled":true,"jetpack_sharing_enabled":true,"_links":{"self":[{"href":"https:\/\/www.paparazzinews.com.br\/index.php?rest_route=\/wp\/v2\/posts\/9420","targetHints":{"allow":["GET"]}}],"collection":[{"href":"https:\/\/www.paparazzinews.com.br\/index.php?rest_route=\/wp\/v2\/posts"}],"about":[{"href":"https:\/\/www.paparazzinews.com.br\/index.php?rest_route=\/wp\/v2\/types\/post"}],"author":[{"embeddable":true,"href":"https:\/\/www.paparazzinews.com.br\/index.php?rest_route=\/wp\/v2\/users\/1"}],"replies":[{"embeddable":true,"href":"https:\/\/www.paparazzinews.com.br\/index.php?rest_route=%2Fwp%2Fv2%2Fcomments&post=9420"}],"version-history":[{"count":1,"href":"https:\/\/www.paparazzinews.com.br\/index.php?rest_route=\/wp\/v2\/posts\/9420\/revisions"}],"predecessor-version":[{"id":9422,"href":"https:\/\/www.paparazzinews.com.br\/index.php?rest_route=\/wp\/v2\/posts\/9420\/revisions\/9422"}],"wp:featuredmedia":[{"embeddable":true,"href":"https:\/\/www.paparazzinews.com.br\/index.php?rest_route=\/wp\/v2\/media\/9421"}],"wp:attachment":[{"href":"https:\/\/www.paparazzinews.com.br\/index.php?rest_route=%2Fwp%2Fv2%2Fmedia&parent=9420"}],"wp:term":[{"taxonomy":"category","embeddable":true,"href":"https:\/\/www.paparazzinews.com.br\/index.php?rest_route=%2Fwp%2Fv2%2Fcategories&post=9420"},{"taxonomy":"post_tag","embeddable":true,"href":"https:\/\/www.paparazzinews.com.br\/index.php?rest_route=%2Fwp%2Fv2%2Ftags&post=9420"}],"curies":[{"name":"wp","href":"https:\/\/api.w.org\/{rel}","templated":true}]}}