{"id":9361,"date":"2024-04-24T08:37:53","date_gmt":"2024-04-24T11:37:53","guid":{"rendered":"https:\/\/www.paparazzinews.com.br\/?p=9361"},"modified":"2024-04-24T08:37:54","modified_gmt":"2024-04-24T11:37:54","slug":"luto-morre-judith-lupo-responsavel-por-fundar-a-casa-vida-e-acolher-criancas-vivendo-com-hiv-aids","status":"publish","type":"post","link":"https:\/\/www.paparazzinews.com.br\/?p=9361","title":{"rendered":"LUTO: Morre Judith Lupo, respons\u00e1vel por fundar a Casa Vida e acolher crian\u00e7as vivendo com HIV\/aids"},"content":{"rendered":"\n<p>A irm\u00e3 Judith Elisa Lupo, conhecida por acolher centenas de crian\u00e7as vivendo com HIV nos primeiros anos da pandemia e respons\u00e1vel por iniciativas humanit\u00e1rias que ajudam diariamente milhares de pessoas que vivem em situa\u00e7\u00e3o de extrema vulnerabilidade social na zona leste de S\u00e3o Paulo, morreu na manh\u00e3 desta ter\u00e7a-feira (23), aos 83 anos, em Araraquara. A informa\u00e7\u00e3o \u00e9 da Ag\u00eancia de Noticias da Aids.<\/p>\n\n\n\n<p>Religiosa, com mais de meia d\u00e9cada de vida fraterna em comunidade, foi diretora Presidente do Centro Social Nossa Senhora do Bom Parto, na zona leste de S\u00e3o Paulo. Ela recebeu de Dom Luciano Mendes de Almeida a miss\u00e3o de cuidar de crian\u00e7as, adolescentes, idosos e pessoas em situa\u00e7\u00e3o de rua.<\/p>\n\n\n\n<p>Humanidade, bondade, empatia e solidariedade s\u00e3o sin\u00f4nimos que definem a trajet\u00f3ria da irm\u00e3, que decidiu se dedicar ao trabalho social porque estava preocupava com a \u201cmeninada\u201d que ficava na rua sem perspectiva de vida.<\/p>\n\n\n\n<p>A hist\u00f3ria dela ao longo destes anos \u00e0 frente da Bom Parto se mistura na vida de muitas pessoas que receberam apoio, acolhida e amor quando era mais necess\u00e1rio.<\/p>\n\n\n\n<p>Por mais de 30 anos foi um nome conhecido por gera\u00e7\u00f5es de pessoas assistidas por essa entidade social. Inclusive de muitas crian\u00e7as vivendo com HIV\/aids que hoje j\u00e1 s\u00e3o adultos e passaram pelas casas de apoio Vida I e II. A Casa Vida nasceu, no in\u00edcio dos anos 90, como alternativa para o acolhimento institucional de crian\u00e7as vivendo com HIV\/aids.<\/p>\n\n\n\n<p><strong>Uma vida dedicada ao servi\u00e7o e \u00e0 compaix\u00e3o<\/strong><\/p>\n\n\n<div class=\"wp-block-image\">\n<figure class=\"aligncenter\"><img decoding=\"async\" src=\"https:\/\/scontent.fgru16-1.fna.fbcdn.net\/v\/t1.6435-9\/64359290_2576810185703883_6401144121800523776_n.jpg?_nc_cat=100&amp;ccb=1-7&amp;_nc_sid=5f2048&amp;_nc_ohc=T-jZO0TRZ28Ab63WzQa&amp;_nc_ht=scontent.fgru16-1.fna&amp;oh=00_AfCt1zwCyM5TLTFfgIcsqMQBejZ8CxH7MESs30fZ_cAeVQ&amp;oe=664F24FD\" alt=\"Nenhuma descri\u00e7\u00e3o de foto dispon\u00edvel.\"\/><\/figure>\n<\/div>\n\n\n<p>Irm\u00e3 Judith Elisa Lupo nasceu em 27 de maio de 1940 na cidade de Araraquara, filha de R\u00f4mulo Lupo e Luiza Ad\u00e9lia Eberle Lupo. Sua trajet\u00f3ria \u00e9 marcada por uma profunda devo\u00e7\u00e3o religiosa e um compromisso incans\u00e1vel com a defesa dos direitos humanos.<\/p>\n\n\n\n<p>Ainda jovem, se tornou religiosa, integrando a Congrega\u00e7\u00e3o das Religiosas do Sagrado Cora\u00e7\u00e3o de Maria, fundada em 1849 por inspira\u00e7\u00e3o do Padre Jean Gailhac. Seu carisma foi fortalecido pelo exemplo de Saint M\u00e8re Jean.<\/p>\n\n\n\n<p>Judith obteve forma\u00e7\u00e3o em Filosofia e Orienta\u00e7\u00e3o Educacional, e seu testemunho como religiosa a levou a administrar col\u00e9gios e a servir como Conselheira da Prov\u00edncia Brasileira e do Conselho Geral, atuando em prol de todas as prov\u00edncias do mundo.<\/p>\n\n\n\n<p>Na d\u00e9cada de 80, assumiu um papel fundamental na Regi\u00e3o Episcopal Bel\u00e9m da Arquidiocese de S\u00e3o Paulo. Ela coordenou a Pastoral da Crian\u00e7a e tamb\u00e9m se tornou Diretora Cultural do Centro Social Nossa Senhora do Bom Parto.<\/p>\n\n\n<div class=\"wp-block-image\">\n<figure class=\"aligncenter\"><img decoding=\"async\" src=\"https:\/\/scontent.fgru16-1.fna.fbcdn.net\/v\/t1.6435-9\/64473450_2576811025703799_3176728893553901568_n.jpg?_nc_cat=100&amp;ccb=1-7&amp;_nc_sid=5f2048&amp;_nc_ohc=F1sBIKAGrbsAb4G3u2h&amp;_nc_ht=scontent.fgru16-1.fna&amp;oh=00_AfAcMLsgLAuT7P01b_MJPepZU2hyYIFTVpkExIdF7L8YHA&amp;oe=664F393F\" alt=\"Nenhuma descri\u00e7\u00e3o de foto dispon\u00edvel.\"\/><\/figure>\n<\/div>\n\n\n<p>O Centro Social tem como miss\u00e3o articular e contribuir para a defesa dos direitos de crian\u00e7as, adolescentes, familiares, popula\u00e7\u00e3o em situa\u00e7\u00e3o de rua e idosos em S\u00e3o Paulo. Judith desempenhou um papel crucial no desenvolvimento de programas socioeducativos nessas \u00e1reas, favorecendo o protagonismo social.<\/p>\n\n\n\n<p>Sua sensibilidade e vis\u00e3o educacional foram fundamentais nos primeiros anos do Bom Parto. Ela se dedicou \u00e0 articula\u00e7\u00e3o socioeducacional das unidades de atendimento, enfrentando as realidades desafiadoras dos territ\u00f3rios onde pessoas viviam em situa\u00e7\u00e3o de pobreza, abandono e, muitas vezes, mis\u00e9ria.<\/p>\n\n\n<div class=\"wp-block-image\">\n<figure class=\"aligncenter\"><img decoding=\"async\" src=\"https:\/\/scontent.fgru16-1.fna.fbcdn.net\/v\/t1.6435-9\/64574159_2576812445703657_7387059224716509184_n.jpg?_nc_cat=105&amp;ccb=1-7&amp;_nc_sid=5f2048&amp;_nc_ohc=7TnMmqAC8L8Ab5-BS1Q&amp;_nc_ht=scontent.fgru16-1.fna&amp;oh=00_AfB4DRn34IrDVJKDxSiS8xChwsrXYlCAw922bli010XYKQ&amp;oe=664F2B4F\" alt=\"Nenhuma descri\u00e7\u00e3o de foto dispon\u00edvel.\"\/><\/figure>\n<\/div>\n\n\n<p>A compaix\u00e3o de Ir. Judith diante do sofrimento dos acolhidos e suas habilidades de gest\u00e3o a levaram a ser eleita Presidente do Conselho Deliberativo do Bom Parto em 1994. Sua lideran\u00e7a servidora, aliada a uma espiritualidade crist\u00e3 profunda, se manifestou em gestos de humanidade, dignidade e generosidade.<br>Ela seguiu o exemplo de Jesus, multiplicando o gesto da partilha. Como diz o poeta, \u201cbastariam dois p\u00e3es e dois peixes e o milagre do amor para acabar com tanta fome e tanta dor\u201d.<\/p>\n\n\n<div class=\"wp-block-image\">\n<figure class=\"aligncenter\"><img data-recalc-dims=\"1\" decoding=\"async\" src=\"https:\/\/i0.wp.com\/www.a12.com\/source\/files\/originals\/Irma_Judith_e_Marilda_Lima_anjos_na_terra-016557.jpg?w=708&#038;ssl=1\" alt=\"Anjos na Terra: Irm\u00e3 Judith Lupo \u00e9 Anjo no Centro Social N. S. do Bom Parto\"\/><\/figure>\n<\/div>\n\n\n<p>A dedica\u00e7\u00e3o di\u00e1ria de Ir. Judith inspira muitas pessoas a lutar pela dignidade humana, justi\u00e7a social e compromisso \u00e9tico. Al\u00e9m de suprir a fome f\u00edsica, ela busca saciar a fome de afeto, presen\u00e7a amorosa e acesso aos bens sociais, econ\u00f4micos e culturais para que todos alcancem a felicidade.<\/p>\n\n\n\n<p>Sob a gest\u00e3o de Ir. Judith, o Centro Social Nossa Senhora do Bom Parto contribuiu significativamente para as pol\u00edticas p\u00fablicas da cidade de S\u00e3o Paulo nas \u00e1reas de Educa\u00e7\u00e3o Infantil, Assist\u00eancia Social e Sa\u00fade. Atualmente, o centro atende diariamente mais de 15.000 crian\u00e7as, adolescentes, jovens, fam\u00edlias, adultos em situa\u00e7\u00e3o de rua e idosos em suas 48 unidades e sede administrativa.<\/p>\n\n\n\n<p><strong>L\u00e1 em Casa<\/strong><\/p>\n\n\n\n<p>Em abril de 2015, a irm\u00e3 atendeu ao pedido da jornalista Roseli Tardelli, diretora desta Ag\u00eancia, e esteve na Casa Verde para fazer a ben\u00e7\u00e3o no lan\u00e7amento do projeto \u201cL\u00e1 em Casa \u2014 Sa\u00fade, Arte, Bem-Estar e Cidadania\u201d, idealizado por Roseli. A iniciativa, que est\u00e1 completando nove anos de muito acolhimento, promo\u00e7\u00e3o da sa\u00fade e exerc\u00edcios, atende atualmente os alunos de forma online.<\/p>\n\n\n\n<p>\u201cConheci a querida irm\u00e3 Judith quando comecei a me aproximar de pessoas que trabalhavam com crian\u00e7as que haviam se infectado por transmiss\u00e3o vertical. Ela mesma me levou para conhecer alguns beb\u00eas na Casa Vida 1, fundada para receber os rec\u00e9m-nascidos. Com carinho e aten\u00e7\u00e3o chegou a contar a hist\u00f3ria de algumas delas. Carinho, acolhimento e aten\u00e7\u00e3o. Sempre presentes na jornada de Judith Elisa Lupo por quem sempre tive muito respeito e admira\u00e7\u00e3o. O trabalho que ela criou, em parceria com Unicef, para integrar adolescentes vivendo e convivendo com HIV e ampliar o conhecimento sobre sa\u00fade e direitos humanos, me fez conhecer a Talita Martins, que atualmente coordena a reda\u00e7\u00e3o da Ag\u00eancia. <\/p>\n\n\n\n<p>Irm\u00e3 Judith deixa na Terra um legado de constru\u00e7\u00e3o, ressignifica\u00e7\u00e3o e esperan\u00e7a. Um legado de amor e f\u00e9 no ser humano e nos ensinou que a vida e acreditar no bem para o pr\u00f3ximo sempre vale e valer\u00e3o a pena! Muito obrigada irm\u00e3 Judith por existir em nossas vidas e nos ensinar cotidianamente a trabalhar pelo amor, pelo bem e por um mundo mais amoroso e acolhedor: muito obrigada!\u201d, agradeceu a jornalista Roseli Tardelli.<\/p>\n\n\n<div class=\"wp-block-image\">\n<figure class=\"alignright\"><img data-recalc-dims=\"1\" decoding=\"async\" src=\"https:\/\/i0.wp.com\/agenciaaids.com.br\/site\/wp-content\/uploads\/2024\/04\/WhatsApp-Image-2024-04-23-at-11.11.24.jpeg?w=708&#038;ssl=1\" alt=\"\" class=\"wp-image-92583\"\/><\/figure>\n<\/div>\n\n\n<p>Marta Regina Marques, assistente social e coordenadora dos Consult\u00f3rios na Rua do Bompar, tamb\u00e9m lamentou a partida: \u201cA irm\u00e3 Judith foi uma pessoa vision\u00e1ria, uma mulher \u00e0 frente do seu tempo. Foi uma das pessoas mais inspiradoras que eu conheci. Al\u00e9m de fazer uma gest\u00e3o de mais de 50 n\u00facleos do Bompar, ela tinha um olhar humano para os trabalhadores e para os cidad\u00e3os, aqueles que a gente assistia todos os dias. Ela, ao escutar as nossas hist\u00f3rias, parava e olhava no fundo dos nossos olhos, o que \u00e0s vezes nos deixava at\u00e9 meio constrangidos, porque ela n\u00e3o tirava o&nbsp;olhar dos nossos olhos. Irm\u00e3 Judith dizia que os olhos eram a maior express\u00e3o de verdade, de sinceridade e de honestidade que algu\u00e9m pode demonstrar. Isso \u00e9 muito forte. Por isso, quando eu converso com algu\u00e9m, eu olho nos olhos. A irm\u00e3 Judith, al\u00e9m de todo o trabalho que ela desenvolvia dentro do Bompar, esteve comigo nos momentos mais dif\u00edceis da minha vida. Quando meu pai enfartou, ela esteve comigo. Eu sofri muito naquela ocasi\u00e3o, pois os m\u00e9dicos tinham o desenganado. Eu estava na capelinha, chorando, e a\u00ed ela chegou e falou assim: \u2018olha, vamos entregar a vida do seu pai para Deus.\u2019 E a\u00ed eu falei: \u2018n\u00e3o, irm\u00e3, eu n\u00e3o vou entregar, porque vai que Ele leva.\u2019 E ela me falou: \u2018quem disse que voc\u00ea tem poder para segurar a vida de algu\u00e9m?\u2019 E sei que n\u00e3o tenho, nenhum de n\u00f3s temos. Quando a minha m\u00e3e tamb\u00e9m esteve no hospital, cega h\u00e1 quase dois anos, ela recebeu a liga\u00e7\u00e3o da irm\u00e3 Judith. A minha m\u00e3e j\u00e1 estava com c\u00e2ncer e disse para a irm\u00e3: \u2018eu sei que eu vou morrer, mas eu s\u00f3 n\u00e3o queria morrer cega\u2019. A irm\u00e3 falou: \u2018ent\u00e3o eu vou rezar para que a senhora n\u00e3o v\u00e1 embora cega, porque se esse \u00e9 o seu sonho, o seu desejo, que Deus conceda esse dia de vis\u00e3o\u2019. No dia seguinte, a minha m\u00e3e estava enxergando, ela enxergou aquele dia, depois foi para a UTI e faleceu. Quando meu filho ficou doente, ela tamb\u00e9m esteve comigo. E assim ela fazia com todos aqueles que estavam \u00e0 sua volta. Com cada trabalhador, com cada pessoa, cada homem de rua, quantos aqui se formaram porque a irm\u00e3 Judith foi buscar parceria nas universidades, na congrega\u00e7\u00e3o onde ela pertencia e na pr\u00f3pria Lupo para ajudar com bolsa de estudo para os agentes de sa\u00fade, pessoas que vieram da situa\u00e7\u00e3o de rua\u2026 Mais de 30 pessoas se formaram gra\u00e7as a toda generosidade que tinha a irm\u00e3. Ela conseguiu transformar pessoas em situa\u00e7\u00e3o de rua, pessoas que eram viciadas em crack e outras drogas, em projeto de vida, pessoas que nunca imaginaram antes de estar na rua, em fazer uma faculdade. E gra\u00e7as \u00e0 generosidade, ao ensinamento, \u00e0 resili\u00eancia dela, que dizia para todos que se eles quisessem era poss\u00edvel sim, eles voltaram a estudar, voltaram para as suas fam\u00edlias e hoje centenas de pessoas est\u00e3o bem gra\u00e7as \u00e0 irm\u00e3 Judith. N\u00f3s temos pessoas que estavam em situa\u00e7\u00e3o de rua, nas ruas de S\u00e3o Paulo, e que hoje s\u00e3o m\u00e9dicos, enfermeiros, auxiliares, psic\u00f3logos, assistentes sociais\u2026 Alguns trabalham conosco, mas a sua grande maioria est\u00e1 tocando o seu projeto de vida em outros locais do Brasil. E todos eles s\u00e3o muito gratos por tudo que ela fez. Eu tenho o privil\u00e9gio de dizer que convivi com uma pessoa santa aqui na terra. E uma dessas pessoas \u00e9 a irm\u00e3 Judith. Uma pessoa que est\u00e1 \u00e0 frente do seu tempo. Uma mulher de garra, de f\u00e9 e muita coragem.\u201d<\/p>\n\n\n\n<p><strong>O vel\u00f3rio<\/strong><\/p>\n\n\n\n<p>O vel\u00f3rio da irm\u00e3 Judith Lupo ocorreu nesta ter\u00e7a-feira (23), das 12h30 \u00e0s 16h20, no Memorial Fonteri Unidade 2, na Avenida Portugal, 1030, no Centro de Araraquara. De l\u00e1, o corpo foi levado para o Cemit\u00e9rio S\u00e3o Bento, onde foi sepultado.<\/p>\n\n\n\n<p><strong><em><strong><em><strong><em><strong><em><strong><strong><em><strong><em><strong><em><strong><em><strong>Siga nossas redes sociais no\u00a0<a href=\"https:\/\/www.instagram.com\/ronipaparazzi\/\">Instagram\u00a0<\/a>e\u00a0<a href=\"https:\/\/www.facebook.com\/ronipaparazzicomvoce\">Facebook<\/a>\u00a0participe da nossa comunidade do Canal Roni Paparazzi no Whatsapp e receba as principais not\u00edcias do dia direto no seu celular.<\/strong>\u00a0<a href=\"https:\/\/chat.whatsapp.com\/GsG1XKo0jPOEfjzudWQcml\" target=\"_blank\" rel=\"noreferrer noopener\">\u00a0Clique aqui e se inscreva.<\/a><\/em><\/strong><\/em><\/strong><\/em><\/strong><\/em><\/strong><\/strong><\/em><\/strong><\/em><\/strong><\/em><\/strong><\/em><\/strong><\/p>\n","protected":false},"excerpt":{"rendered":"<p>A irm\u00e3 Judith Elisa Lupo, conhecida por acolher centenas de crian\u00e7as vivendo com HIV nos primeiros anos da pandemia e respons\u00e1vel por iniciativas humanit\u00e1rias que ajudam diariamente milhares de pessoas que vivem em situa\u00e7\u00e3o de extrema vulnerabilidade social na zona leste de S\u00e3o Paulo, morreu na manh\u00e3 desta ter\u00e7a-feira (23), aos 83 anos, em Araraquara. &hellip;<\/p>\n","protected":false},"author":1,"featured_media":9362,"comment_status":"open","ping_status":"open","sticky":false,"template":"","format":"standard","meta":{"_jetpack_memberships_contains_paid_content":false,"footnotes":"","jetpack_publicize_message":"","jetpack_publicize_feature_enabled":true,"jetpack_social_post_already_shared":false,"jetpack_social_options":{"image_generator_settings":{"template":"highway","default_image_id":0,"enabled":false},"version":2}},"categories":[4],"tags":[],"class_list":["post-9361","post","type-post","status-publish","format-standard","has-post-thumbnail","hentry","category-regiao"],"jetpack_publicize_connections":[],"jetpack_featured_media_url":"https:\/\/i0.wp.com\/www.paparazzinews.com.br\/wp-content\/uploads\/2024\/04\/Irma_Judith_Lupo.jpg?fit=800%2C480&ssl=1","views":"1589","jetpack_likes_enabled":true,"jetpack_sharing_enabled":true,"_links":{"self":[{"href":"https:\/\/www.paparazzinews.com.br\/index.php?rest_route=\/wp\/v2\/posts\/9361","targetHints":{"allow":["GET"]}}],"collection":[{"href":"https:\/\/www.paparazzinews.com.br\/index.php?rest_route=\/wp\/v2\/posts"}],"about":[{"href":"https:\/\/www.paparazzinews.com.br\/index.php?rest_route=\/wp\/v2\/types\/post"}],"author":[{"embeddable":true,"href":"https:\/\/www.paparazzinews.com.br\/index.php?rest_route=\/wp\/v2\/users\/1"}],"replies":[{"embeddable":true,"href":"https:\/\/www.paparazzinews.com.br\/index.php?rest_route=%2Fwp%2Fv2%2Fcomments&post=9361"}],"version-history":[{"count":1,"href":"https:\/\/www.paparazzinews.com.br\/index.php?rest_route=\/wp\/v2\/posts\/9361\/revisions"}],"predecessor-version":[{"id":9363,"href":"https:\/\/www.paparazzinews.com.br\/index.php?rest_route=\/wp\/v2\/posts\/9361\/revisions\/9363"}],"wp:featuredmedia":[{"embeddable":true,"href":"https:\/\/www.paparazzinews.com.br\/index.php?rest_route=\/wp\/v2\/media\/9362"}],"wp:attachment":[{"href":"https:\/\/www.paparazzinews.com.br\/index.php?rest_route=%2Fwp%2Fv2%2Fmedia&parent=9361"}],"wp:term":[{"taxonomy":"category","embeddable":true,"href":"https:\/\/www.paparazzinews.com.br\/index.php?rest_route=%2Fwp%2Fv2%2Fcategories&post=9361"},{"taxonomy":"post_tag","embeddable":true,"href":"https:\/\/www.paparazzinews.com.br\/index.php?rest_route=%2Fwp%2Fv2%2Ftags&post=9361"}],"curies":[{"name":"wp","href":"https:\/\/api.w.org\/{rel}","templated":true}]}}