{"id":9333,"date":"2024-04-23T09:34:05","date_gmt":"2024-04-23T12:34:05","guid":{"rendered":"https:\/\/www.paparazzinews.com.br\/?p=9333"},"modified":"2024-04-23T09:34:06","modified_gmt":"2024-04-23T12:34:06","slug":"ministro-da-justica-escolhe-primeira-mulher-para-chefiar-superintendencia-da-prf","status":"publish","type":"post","link":"https:\/\/www.paparazzinews.com.br\/?p=9333","title":{"rendered":"Ministro da Justi\u00e7a escolhe primeira mulher para chefiar superintend\u00eancia da PRF"},"content":{"rendered":"\n<p>Oministro da Justi\u00e7a e Seguran\u00e7a P\u00fablica, Ricardo Lewandowski, escolheu a primeira mulher para chefiar a Superintend\u00eancia da Pol\u00edcia Rodovi\u00e1ria Federal no Distrito Federal. A nomea\u00e7\u00e3o de Adriana Pivato foi publicada no Di\u00e1rio Oficial desta segunda-feira (22).<\/p>\n\n\n\n<p>A policial assume o cargo m\u00e1ximo no DF com o compromisso de elevar ainda mais o padr\u00e3o de qualidade na presta\u00e7\u00e3o de servi\u00e7os aos cidad\u00e3os e de dar continuidade \u00e0 promo\u00e7\u00e3o de melhorias no bem-estar do efetivo.<\/p>\n\n\n\n<p>Na PRF desde 2006, Pivato passou por diversas \u00e1reas dentro do \u00f3rg\u00e3o, entre os quais o N\u00facleo de Opera\u00e7\u00f5es Especiais (NOE\/MS), a Universidade Corporativa da PRF (UniPRF), al\u00e9m de ser chefe substituta do N\u00facleo de Educa\u00e7\u00e3o Corporativa (NEC\/CE).<\/p>\n\n\n\n<p>Mais recentemente, ela gerenciou o Projeto Estrat\u00e9gico do Centro Nacional de Estudos em Seguran\u00e7a Vi\u00e1ria, da Diretoria de Opera\u00e7\u00f5es (DIOP).<\/p>\n\n\n\n<p>Pivato, tamb\u00e9m primeira mulher a concluir o Curso de Opera\u00e7\u00f5es de Controle de Dist\u00farbios Civis (COCD) da PRF, formou-se instrutora da institui\u00e7\u00e3o em 2007, tendo ministrado e coordenado diversos cursos internos, entre eles as edi\u00e7\u00f5es de 2020 e 2021 do Curso de Forma\u00e7\u00e3o Policial.<\/p>\n\n\n\n<p>&#8220;Ap\u00f3s quase duas d\u00e9cadas de PRF, de seguran\u00e7a p\u00fablica, me sinto honrada e desafiada com a fun\u00e7\u00e3o. Por toda a minha trajet\u00f3ria na PRF, como uma mulher que lutou para conquistar seu espa\u00e7o na pol\u00edcia, espero poder fazer uma boa gest\u00e3o para o engrandecimento da PRF e o bem dos policiais\u201d, diz Pivato.<\/p>\n\n\n\n<p>Adriana Pivato assume o cargo em substitui\u00e7\u00e3o a Igor Ramos, que estava no posto desde o in\u00edcio de 2023.<\/p>\n\n\n\n<p><strong>CURR\u00cdCULO<\/strong><\/p>\n\n\n\n<p>H\u00e1 18 anos na Pol\u00edcia Rodovi\u00e1ria Federal, Adriana Mancilha Pivato \u00e9 graduada em Educa\u00e7\u00e3o F\u00edsica pela Universidade Federal de Juiz de Fora (UFJF). Tem especializa\u00e7\u00e3o em Atividades Motoras e \u00e9 p\u00f3s-graduada em Treinamento Desportivo e em Educa\u00e7\u00e3o Transformadora: pedagogia, fundamentos e pr\u00e1ticas, pela Pontif\u00edcia Universidade Cat\u00f3lica do Rio Grande do Sul (PUCRS).<\/p>\n\n\n\n<p>Ainda no servi\u00e7o p\u00fablico federal, ela trabalhou no Gabinete de Seguran\u00e7a Institucional da Presid\u00eancia da Rep\u00fablica, e atuou em uma s\u00e9rie de miss\u00f5es internacionais, como na COP21 em Paris; na 68\u00ba Assembleia-Geral da Na\u00e7\u00f5es Unidas, em Nova York; na Miss\u00e3o de Paz no Haiti e na C\u00fapula do BRICS.<\/p>\n\n\n\n<p><strong><em><strong><em><strong><em><strong><em><strong>Siga nossas redes sociais no\u00a0<a href=\"https:\/\/www.instagram.com\/ronipaparazzi\/\">Instagram\u00a0<\/a>e\u00a0<a href=\"https:\/\/www.facebook.com\/ronipaparazzicomvoce\">Facebook<\/a>\u00a0participe da nossa comunidade do Canal Roni Paparazzi no Whatsapp e receba as principais not\u00edcias do dia direto no seu celular.<\/strong>\u00a0<a href=\"https:\/\/chat.whatsapp.com\/GsG1XKo0jPOEfjzudWQcml\" target=\"_blank\" rel=\"noreferrer noopener\">\u00a0Clique aqui e se inscreva.<\/a><\/em><\/strong><\/em><\/strong><\/em><\/strong><\/em><\/strong><\/p>\n","protected":false},"excerpt":{"rendered":"<p>Oministro da Justi\u00e7a e Seguran\u00e7a P\u00fablica, Ricardo Lewandowski, escolheu a primeira mulher para chefiar a Superintend\u00eancia da Pol\u00edcia Rodovi\u00e1ria Federal no Distrito Federal. A nomea\u00e7\u00e3o de Adriana Pivato foi publicada no Di\u00e1rio Oficial desta segunda-feira (22). A policial assume o cargo m\u00e1ximo no DF com o compromisso de elevar ainda mais o padr\u00e3o de qualidade &hellip;<\/p>\n","protected":false},"author":1,"featured_media":9335,"comment_status":"open","ping_status":"open","sticky":false,"template":"","format":"standard","meta":{"_jetpack_memberships_contains_paid_content":false,"footnotes":"","jetpack_publicize_message":"","jetpack_publicize_feature_enabled":true,"jetpack_social_post_already_shared":false,"jetpack_social_options":{"image_generator_settings":{"template":"highway","default_image_id":0,"enabled":false},"version":2}},"categories":[3],"tags":[],"class_list":["post-9333","post","type-post","status-publish","format-standard","has-post-thumbnail","hentry","category-policial"],"jetpack_publicize_connections":[],"jetpack_featured_media_url":"https:\/\/i0.wp.com\/www.paparazzinews.com.br\/wp-content\/uploads\/2024\/04\/fgh.jpg?fit=1000%2C500&ssl=1","views":"2503","jetpack_likes_enabled":true,"jetpack_sharing_enabled":true,"_links":{"self":[{"href":"https:\/\/www.paparazzinews.com.br\/index.php?rest_route=\/wp\/v2\/posts\/9333","targetHints":{"allow":["GET"]}}],"collection":[{"href":"https:\/\/www.paparazzinews.com.br\/index.php?rest_route=\/wp\/v2\/posts"}],"about":[{"href":"https:\/\/www.paparazzinews.com.br\/index.php?rest_route=\/wp\/v2\/types\/post"}],"author":[{"embeddable":true,"href":"https:\/\/www.paparazzinews.com.br\/index.php?rest_route=\/wp\/v2\/users\/1"}],"replies":[{"embeddable":true,"href":"https:\/\/www.paparazzinews.com.br\/index.php?rest_route=%2Fwp%2Fv2%2Fcomments&post=9333"}],"version-history":[{"count":1,"href":"https:\/\/www.paparazzinews.com.br\/index.php?rest_route=\/wp\/v2\/posts\/9333\/revisions"}],"predecessor-version":[{"id":9336,"href":"https:\/\/www.paparazzinews.com.br\/index.php?rest_route=\/wp\/v2\/posts\/9333\/revisions\/9336"}],"wp:featuredmedia":[{"embeddable":true,"href":"https:\/\/www.paparazzinews.com.br\/index.php?rest_route=\/wp\/v2\/media\/9335"}],"wp:attachment":[{"href":"https:\/\/www.paparazzinews.com.br\/index.php?rest_route=%2Fwp%2Fv2%2Fmedia&parent=9333"}],"wp:term":[{"taxonomy":"category","embeddable":true,"href":"https:\/\/www.paparazzinews.com.br\/index.php?rest_route=%2Fwp%2Fv2%2Fcategories&post=9333"},{"taxonomy":"post_tag","embeddable":true,"href":"https:\/\/www.paparazzinews.com.br\/index.php?rest_route=%2Fwp%2Fv2%2Ftags&post=9333"}],"curies":[{"name":"wp","href":"https:\/\/api.w.org\/{rel}","templated":true}]}}