{"id":9309,"date":"2024-04-23T08:27:10","date_gmt":"2024-04-23T11:27:10","guid":{"rendered":"https:\/\/www.paparazzinews.com.br\/?p=9309"},"modified":"2024-04-23T08:27:11","modified_gmt":"2024-04-23T11:27:11","slug":"castilho-prefeitura-cadastrara-agricultores-familiares-para-a-nova-feira-do-produtor-rural","status":"publish","type":"post","link":"https:\/\/www.paparazzinews.com.br\/?p=9309","title":{"rendered":"CASTILHO: Prefeitura cadastrar\u00e1 agricultores familiares para a Nova Feira do Produtor Rural"},"content":{"rendered":"\n<p>Cadastro tamb\u00e9m \u00e9 v\u00e1lido para artes\u00e3os. Prazo termina no dia 05 de maio e Secretaria de Agricultura seguir\u00e1 normas da Lei Municipal 3.360, aprovada pela C\u00e2mara no \u00faltimo dia 10<\/p>\n\n\n\n<p>Desde as 08h30 desta segunda-feira (22), todos os pequenos produtores rurais interessados em comercializar seus produtos na Nova Feira do Produtor Rural de Castilho podem se inscrever na sede da Secretaria de Agricultura e Turismo (ao lado da Terceira Idade).<\/p>\n\n\n\n<p>A oportunidade \u00e9 aberta a todos os produtores da agricultura familiar, incluindo aqueles que trabalham com artesanato, que tenham mais de 18 anos, comprovem resid\u00eancia no munic\u00edpio e a produ\u00e7\u00e3o dos produtos que ser\u00e3o comercializados.<\/p>\n\n\n\n<p>A nova legisla\u00e7\u00e3o n\u00e3o permitir\u00e1 que feirantes de outros munic\u00edpios venham comercializar seus produtos no novo espa\u00e7o que foi criado pela prefeitura exatamente para facilitar os neg\u00f3cios dos pequenos produtores rurais de Castilho.<\/p>\n\n\n\n<p>Da mesma forma, tamb\u00e9m est\u00e1 proibida a venda de quaisquer itens que n\u00e3o sejam hortifrutigranjeiros, agro-industrializados e produtos resultantes da manipula\u00e7\u00e3o e transforma\u00e7\u00e3o de mat\u00e9rias-primas, al\u00e9m de artesanatos produzidos em Castilho.<\/p>\n\n\n\n<p><strong>INSCRI\u00c7\u00d5ES<\/strong><br>As inscri\u00e7\u00f5es poder\u00e3o ser realizadas entre os pr\u00f3ximos dias 22 de abril e 03 de maio, na SAT \u2013 Secretaria de Agricultura e Turismo, localizada ao lado do Clube da 3\u00aa Idade. O hor\u00e1rio de atendimento ser\u00e1 das 08h30 \u00e0s 11h00 ou das 14h00 \u00e0s 16h30.<br>Ao se inscrever, os pequenos produtores devem apresentar os seguintes documentos:<br>\u2022 Nota do produtor<br>\u2022 Informar produto(s) produzido(s) a ser(em) comercializado(s)<br>\u2022 CADESPE\/DAP ou CAF<br>\u2022 C\u00f3pia de comprovante de resid\u00eancia<br>\u2022 C\u00f3pia dos documentos pessoais (RG e CPF)<br>\u2022 Telefone para contato (Whats\/fone)<\/p>\n\n\n\n<p><strong>NOVO ESPA\u00c7O<\/strong><br>A Nova Feira do Produtor Rural de Castilho funcionar\u00e1 em espa\u00e7o pr\u00f3prio localizado na Avenida Samira Zahr n\u00ba 455 \u2013 anexa \u00e0 Pra\u00e7a da Esta\u00e7\u00e3o, e funcionar\u00e1 no hor\u00e1rio das 15h \u00e0s 22h, com dias e hor\u00e1rios ainda a serem definidos por uma Comiss\u00e3o de Organiza\u00e7\u00e3o que ser\u00e1 constitu\u00edda nos pr\u00f3ximos dias pela Prefeitura.<\/p>\n\n\n\n<p>Esta Comiss\u00e3o ser\u00e1 composta por 07 (sete) membros, sendo 04 (quatro) representantes dos feirantes indicados em reuni\u00e3o espec\u00edfica, e por 03 (tr\u00eas) membros da Administra\u00e7\u00e3o Municipal.<br>O n\u00famero m\u00e1ximo de feirantes que poder\u00e3o atuar no novo espa\u00e7o \u00e9 limitado a 40. Dentre estes, ser\u00e3o inclu\u00eddos aqueles que servir\u00e3o alimentos para consumo no local (Pra\u00e7a de Alimenta\u00e7\u00e3o), lembrando que nenhum produto final industrializado que tenha origem fora das propriedades rurais de Castilho ser\u00e3o aceitos.<\/p>\n\n\n\n<p>O tamanho padr\u00e3o de cada um destes 40 espa\u00e7os \u00e9 de 2.20&#215;2.50m, e a disposi\u00e7\u00e3o dos feirantes neles ser\u00e1 definida por sorteio.<\/p>\n\n\n\n<p>\u201cO objetivo desta Nova Lei aprovada pela C\u00e2mara \u00e9 incentivar as atividades rurais, valorizando os produtos origin\u00e1rios da agricultura familiar. Por esse motivo, ela pro\u00edbe de forma clara a participa\u00e7\u00e3o como feirante de atravessadores, daqueles que n\u00e3o sejam pequenos produtores rurais e comerciantes que vendem equipamentos eletr\u00f4nicos, brinquedos, cal\u00e7ados, roupas e qualquer outro produto que n\u00e3o tenha sua origem na agricultura familiar de Castilho\u201d, explica a secret\u00e1ria de Agricultura e Turismo, Rejane Flor.<\/p>\n\n\n\n<p>Todos os demais detalhes que possam interessar aos pequenos produtores rurais est\u00e3o listados na Lei Municipal n\u00ba 3.360\/24, que pode ser acessada pelos interessados no Di\u00e1rio Oficial Eletr\u00f4nico n\u00ba 1276, publicado no site da Prefeitura no \u00faltimo dia 10 de abril.<\/p>\n\n\n\n<p>LINK: <a href=\"https:\/\/dosp.com.br\/exibe_do.php?i=NDgxNTcx\">https:\/\/dosp.com.br\/exibe_do.php?i=NDgxNTcx<\/a><\/p>\n\n\n\n<p><strong><em><strong><em><strong><em><strong><em><strong>Siga nossas redes sociais no\u00a0<a href=\"https:\/\/www.instagram.com\/ronipaparazzi\/\">Instagram\u00a0<\/a>e\u00a0<a href=\"https:\/\/www.facebook.com\/ronipaparazzicomvoce\">Facebook<\/a>\u00a0participe da nossa comunidade do Canal Roni Paparazzi no Whatsapp e receba as principais not\u00edcias do dia direto no seu celular.<\/strong>\u00a0<a href=\"https:\/\/chat.whatsapp.com\/GsG1XKo0jPOEfjzudWQcml\" target=\"_blank\" rel=\"noreferrer noopener\">\u00a0Clique aqui e se inscreva.<\/a><\/em><\/strong><\/em><\/strong><\/em><\/strong><\/em><\/strong><\/p>\n","protected":false},"excerpt":{"rendered":"<p>Cadastro tamb\u00e9m \u00e9 v\u00e1lido para artes\u00e3os. Prazo termina no dia 05 de maio e Secretaria de Agricultura seguir\u00e1 normas da Lei Municipal 3.360, aprovada pela C\u00e2mara no \u00faltimo dia 10 Desde as 08h30 desta segunda-feira (22), todos os pequenos produtores rurais interessados em comercializar seus produtos na Nova Feira do Produtor Rural de Castilho podem &hellip;<\/p>\n","protected":false},"author":1,"featured_media":9310,"comment_status":"open","ping_status":"open","sticky":false,"template":"","format":"standard","meta":{"_jetpack_memberships_contains_paid_content":false,"footnotes":"","jetpack_publicize_message":"","jetpack_publicize_feature_enabled":true,"jetpack_social_post_already_shared":false,"jetpack_social_options":{"image_generator_settings":{"template":"highway","default_image_id":0,"enabled":false},"version":2}},"categories":[4],"tags":[],"class_list":["post-9309","post","type-post","status-publish","format-standard","has-post-thumbnail","hentry","category-regiao"],"jetpack_publicize_connections":[],"jetpack_featured_media_url":"https:\/\/i0.wp.com\/www.paparazzinews.com.br\/wp-content\/uploads\/2024\/04\/0d3d7f88-aea4-4d36-be87-1a3bc3d8cd7e-e1713871620834.jpg?fit=1000%2C450&ssl=1","views":"2678","jetpack_likes_enabled":true,"jetpack_sharing_enabled":true,"_links":{"self":[{"href":"https:\/\/www.paparazzinews.com.br\/index.php?rest_route=\/wp\/v2\/posts\/9309","targetHints":{"allow":["GET"]}}],"collection":[{"href":"https:\/\/www.paparazzinews.com.br\/index.php?rest_route=\/wp\/v2\/posts"}],"about":[{"href":"https:\/\/www.paparazzinews.com.br\/index.php?rest_route=\/wp\/v2\/types\/post"}],"author":[{"embeddable":true,"href":"https:\/\/www.paparazzinews.com.br\/index.php?rest_route=\/wp\/v2\/users\/1"}],"replies":[{"embeddable":true,"href":"https:\/\/www.paparazzinews.com.br\/index.php?rest_route=%2Fwp%2Fv2%2Fcomments&post=9309"}],"version-history":[{"count":1,"href":"https:\/\/www.paparazzinews.com.br\/index.php?rest_route=\/wp\/v2\/posts\/9309\/revisions"}],"predecessor-version":[{"id":9311,"href":"https:\/\/www.paparazzinews.com.br\/index.php?rest_route=\/wp\/v2\/posts\/9309\/revisions\/9311"}],"wp:featuredmedia":[{"embeddable":true,"href":"https:\/\/www.paparazzinews.com.br\/index.php?rest_route=\/wp\/v2\/media\/9310"}],"wp:attachment":[{"href":"https:\/\/www.paparazzinews.com.br\/index.php?rest_route=%2Fwp%2Fv2%2Fmedia&parent=9309"}],"wp:term":[{"taxonomy":"category","embeddable":true,"href":"https:\/\/www.paparazzinews.com.br\/index.php?rest_route=%2Fwp%2Fv2%2Fcategories&post=9309"},{"taxonomy":"post_tag","embeddable":true,"href":"https:\/\/www.paparazzinews.com.br\/index.php?rest_route=%2Fwp%2Fv2%2Ftags&post=9309"}],"curies":[{"name":"wp","href":"https:\/\/api.w.org\/{rel}","templated":true}]}}