{"id":9233,"date":"2024-04-19T13:31:42","date_gmt":"2024-04-19T16:31:42","guid":{"rendered":"https:\/\/www.paparazzinews.com.br\/?p=9233"},"modified":"2024-04-19T13:31:43","modified_gmt":"2024-04-19T16:31:43","slug":"descontrolado-mae-e-filha-de-1-ano-sao-agredidas-por-motorista-de-aplicativo-em-rio-preto","status":"publish","type":"post","link":"https:\/\/www.paparazzinews.com.br\/?p=9233","title":{"rendered":"DESCONTROLADO: M\u00e3e e filha de 1 ano s\u00e3o agredidas por motorista de aplicativo em Rio Preto"},"content":{"rendered":"\n<p>Uma mulher de 25 anos procurou a Pol\u00edcia Civil para denunciar a agress\u00e3o que ela e a filha de apenas um ano de idade sofreram ao serem atacadas por um motorista de aplicativo, na \u00faltima quarta-feira (17\/4), em S\u00e3o Jos\u00e9 do Rio Preto (SP).<\/p>\n\n\n\n<p>De acordo com informa\u00e7\u00f5es do boletim de ocorr\u00eancia, a v\u00edtima solicitou uma corrida e o motorista foi peg\u00e1-la na casa dela, no Jardim Vivendas. Al\u00e9m da beb\u00ea, ela tamb\u00e9m estava acompanhada da sobrinha de 14 anos.<\/p>\n\n\n\n<p>No campo do destino no aplicativo, a mulher colocou o endere\u00e7o de um shopping no bairro Residencial Eco Village I. Durante o trajeto, o motorista demonstrou irrita\u00e7\u00e3o excessiva, xingava&nbsp;os outros motoristas e dava&nbsp;socos no volante do autom\u00f3vel. &nbsp;Assustada, a cliente trocou a rota no aplicativo e mudou o endere\u00e7o para outro shopping, no Jardim Redentor (mais perto da casa dela).<\/p>\n\n\n\n<p>No entanto, ainda de acordo com o registro policial, o homem continuou o trajeto at\u00e9 o primeiro endere\u00e7o. Chegando l\u00e1, se deslocou at\u00e9 o outro shopping, mas por outra rota. A mulher o questionou, j\u00e1 que o valor da corrida estava aumentando. Nesse momento, o motorista ficou ofensivo, mandou a cliente calar a boca e disse que \u201cno carro dele, ele faria o que quisesse\u201d.<\/p>\n\n\n\n<p>Quando o suspeito percebeu que estava sendo filmado pelo celular da v\u00edtima, ele se virou e bateu nela e na filha, que estava no colo. Imediatamente, ela desceu do autom\u00f3vel e o homem continuou gritando na rua.<\/p>\n\n\n\n<p>As imagens ser\u00e3o levadas para o 5\u00ba Distrito Policial. O\u00a0<strong>sbtinterior.com<\/strong>\u00a0solicitou uma resposta para a empresa onde o motorista trabalha, mas ainda n\u00e3o recebeu retorno. O espa\u00e7o continua aberto.<\/p>\n\n\n\n<p><strong><em><strong><em><strong><em><strong><em><strong>Siga nossas redes sociais no\u00a0<a href=\"https:\/\/www.instagram.com\/ronipaparazzi\/\">Instagram\u00a0<\/a>e\u00a0<a href=\"https:\/\/www.facebook.com\/ronipaparazzicomvoce\">Facebook<\/a>\u00a0participe da nossa comunidade do Canal Roni Paparazzi no Whatsapp e receba as principais not\u00edcias do dia direto no seu celular.<\/strong>\u00a0<a href=\"https:\/\/chat.whatsapp.com\/GsG1XKo0jPOEfjzudWQcml\" target=\"_blank\" rel=\"noreferrer noopener\">\u00a0Clique aqui e se inscreva.<\/a><\/em><\/strong><\/em><\/strong><\/em><\/strong><\/em><\/strong><\/p>\n","protected":false},"excerpt":{"rendered":"<p>Uma mulher de 25 anos procurou a Pol\u00edcia Civil para denunciar a agress\u00e3o que ela e a filha de apenas um ano de idade sofreram ao serem atacadas por um motorista de aplicativo, na \u00faltima quarta-feira (17\/4), em S\u00e3o Jos\u00e9 do Rio Preto (SP). De acordo com informa\u00e7\u00f5es do boletim de ocorr\u00eancia, a v\u00edtima solicitou &hellip;<\/p>\n","protected":false},"author":1,"featured_media":9234,"comment_status":"open","ping_status":"open","sticky":false,"template":"","format":"standard","meta":{"_jetpack_memberships_contains_paid_content":false,"footnotes":"","jetpack_publicize_message":"","jetpack_publicize_feature_enabled":true,"jetpack_social_post_already_shared":false,"jetpack_social_options":{"image_generator_settings":{"template":"highway","default_image_id":0,"enabled":false},"version":2}},"categories":[3],"tags":[],"class_list":["post-9233","post","type-post","status-publish","format-standard","has-post-thumbnail","hentry","category-policial"],"jetpack_publicize_connections":[],"jetpack_featured_media_url":"https:\/\/i0.wp.com\/www.paparazzinews.com.br\/wp-content\/uploads\/2024\/04\/mae-e-filha-de-1-ano-sao-agredidas-por-motorista-de-aplicativo-em-rio-preto-190424_114911.jpg?fit=600%2C602&ssl=1","views":"1304","jetpack_likes_enabled":true,"jetpack_sharing_enabled":true,"_links":{"self":[{"href":"https:\/\/www.paparazzinews.com.br\/index.php?rest_route=\/wp\/v2\/posts\/9233","targetHints":{"allow":["GET"]}}],"collection":[{"href":"https:\/\/www.paparazzinews.com.br\/index.php?rest_route=\/wp\/v2\/posts"}],"about":[{"href":"https:\/\/www.paparazzinews.com.br\/index.php?rest_route=\/wp\/v2\/types\/post"}],"author":[{"embeddable":true,"href":"https:\/\/www.paparazzinews.com.br\/index.php?rest_route=\/wp\/v2\/users\/1"}],"replies":[{"embeddable":true,"href":"https:\/\/www.paparazzinews.com.br\/index.php?rest_route=%2Fwp%2Fv2%2Fcomments&post=9233"}],"version-history":[{"count":1,"href":"https:\/\/www.paparazzinews.com.br\/index.php?rest_route=\/wp\/v2\/posts\/9233\/revisions"}],"predecessor-version":[{"id":9235,"href":"https:\/\/www.paparazzinews.com.br\/index.php?rest_route=\/wp\/v2\/posts\/9233\/revisions\/9235"}],"wp:featuredmedia":[{"embeddable":true,"href":"https:\/\/www.paparazzinews.com.br\/index.php?rest_route=\/wp\/v2\/media\/9234"}],"wp:attachment":[{"href":"https:\/\/www.paparazzinews.com.br\/index.php?rest_route=%2Fwp%2Fv2%2Fmedia&parent=9233"}],"wp:term":[{"taxonomy":"category","embeddable":true,"href":"https:\/\/www.paparazzinews.com.br\/index.php?rest_route=%2Fwp%2Fv2%2Fcategories&post=9233"},{"taxonomy":"post_tag","embeddable":true,"href":"https:\/\/www.paparazzinews.com.br\/index.php?rest_route=%2Fwp%2Fv2%2Ftags&post=9233"}],"curies":[{"name":"wp","href":"https:\/\/api.w.org\/{rel}","templated":true}]}}