{"id":920,"date":"2022-10-05T17:58:28","date_gmt":"2022-10-05T20:58:28","guid":{"rendered":"https:\/\/www.paparazzinews.com.br\/?p=920"},"modified":"2022-10-05T17:58:30","modified_gmt":"2022-10-05T20:58:30","slug":"vacinacao-da-covid-em-castilho-chega-em-criancas-de-3-a-5-anos","status":"publish","type":"post","link":"https:\/\/www.paparazzinews.com.br\/?p=920","title":{"rendered":"Vacina\u00e7\u00e3o da Covid em Castilho chega em crian\u00e7as de 3 a 5 anos"},"content":{"rendered":"\n<p>A Secretaria Municipal de Sa\u00fade de Castilho informou nesta quarta-feira (5), que nesta quinta-feira (6), a comunidade pode vacinar seus filhos contra a Covid-19 no Centro Integrado de Sa\u00fade.<\/p>\n\n\n\n<p>No informe \u00e9 descrito que o inicio do atendimento das 12h \u00e0s 16h, neste momento para crian\u00e7as de 3 a 5 anos. A quarta dose para 35 anos ou + e \u00e9 valido para aqueles que est\u00e3o com a vacina atrasada.<\/p>\n\n\n\n<p>Documentos necess\u00e1rios: Cart\u00e3o do SUS, CPF e a Carteirinha de Vacina\u00e7\u00e3o.<\/p>\n","protected":false},"excerpt":{"rendered":"<p>A Secretaria Municipal de Sa\u00fade de Castilho informou nesta quarta-feira (5), que nesta quinta-feira (6), a comunidade pode vacinar seus filhos contra a Covid-19 no Centro Integrado de Sa\u00fade. No informe \u00e9 descrito que o inicio do atendimento das 12h \u00e0s 16h, neste momento para crian\u00e7as de 3 a 5 anos. A quarta dose para &hellip;<\/p>\n","protected":false},"author":1,"featured_media":921,"comment_status":"open","ping_status":"open","sticky":false,"template":"","format":"standard","meta":{"_jetpack_memberships_contains_paid_content":false,"footnotes":"","jetpack_publicize_message":"","jetpack_publicize_feature_enabled":true,"jetpack_social_post_already_shared":false,"jetpack_social_options":{"image_generator_settings":{"template":"highway","default_image_id":0,"enabled":false},"version":2}},"categories":[4],"tags":[],"class_list":["post-920","post","type-post","status-publish","format-standard","has-post-thumbnail","hentry","category-regiao"],"jetpack_publicize_connections":[],"jetpack_featured_media_url":"https:\/\/i0.wp.com\/www.paparazzinews.com.br\/wp-content\/uploads\/2022\/10\/24346255-2da0-4142-acd1-7121f3a4bd27.jpg?fit=904%2C1280&ssl=1","views":"2441","jetpack_likes_enabled":true,"jetpack_sharing_enabled":true,"_links":{"self":[{"href":"https:\/\/www.paparazzinews.com.br\/index.php?rest_route=\/wp\/v2\/posts\/920","targetHints":{"allow":["GET"]}}],"collection":[{"href":"https:\/\/www.paparazzinews.com.br\/index.php?rest_route=\/wp\/v2\/posts"}],"about":[{"href":"https:\/\/www.paparazzinews.com.br\/index.php?rest_route=\/wp\/v2\/types\/post"}],"author":[{"embeddable":true,"href":"https:\/\/www.paparazzinews.com.br\/index.php?rest_route=\/wp\/v2\/users\/1"}],"replies":[{"embeddable":true,"href":"https:\/\/www.paparazzinews.com.br\/index.php?rest_route=%2Fwp%2Fv2%2Fcomments&post=920"}],"version-history":[{"count":1,"href":"https:\/\/www.paparazzinews.com.br\/index.php?rest_route=\/wp\/v2\/posts\/920\/revisions"}],"predecessor-version":[{"id":922,"href":"https:\/\/www.paparazzinews.com.br\/index.php?rest_route=\/wp\/v2\/posts\/920\/revisions\/922"}],"wp:featuredmedia":[{"embeddable":true,"href":"https:\/\/www.paparazzinews.com.br\/index.php?rest_route=\/wp\/v2\/media\/921"}],"wp:attachment":[{"href":"https:\/\/www.paparazzinews.com.br\/index.php?rest_route=%2Fwp%2Fv2%2Fmedia&parent=920"}],"wp:term":[{"taxonomy":"category","embeddable":true,"href":"https:\/\/www.paparazzinews.com.br\/index.php?rest_route=%2Fwp%2Fv2%2Fcategories&post=920"},{"taxonomy":"post_tag","embeddable":true,"href":"https:\/\/www.paparazzinews.com.br\/index.php?rest_route=%2Fwp%2Fv2%2Ftags&post=920"}],"curies":[{"name":"wp","href":"https:\/\/api.w.org\/{rel}","templated":true}]}}