{"id":92,"date":"2022-06-21T15:22:27","date_gmt":"2022-06-21T18:22:27","guid":{"rendered":"https:\/\/www.paparazzinews.com.br\/?p=92"},"modified":"2022-06-21T15:22:29","modified_gmt":"2022-06-21T18:22:29","slug":"vem-ai-congresso-internacional-de-educacao-da-lbv","status":"publish","type":"post","link":"https:\/\/www.paparazzinews.com.br\/?p=92","title":{"rendered":"Vem a\u00ed: Congresso Internacional de Educa\u00e7\u00e3o da LBV"},"content":{"rendered":"\n<p>A pandemia da Covid-19 trouxe significativos reflexos para a Educa\u00e7\u00e3o e n\u00e3o s\u00f3 no Brasil. De acordo com dados da Organiza\u00e7\u00e3o das Na\u00e7\u00f5es Unidas para a Educa\u00e7\u00e3o, Ci\u00eancia e Cultura (Unesco), 90% da popula\u00e7\u00e3o mundial estudantil foi afetada com o distanciamento do ambiente escolar, impactando mais de 1,5 bilh\u00e3o de estudantes em 188 pa\u00edses. Logo, n\u00e3o \u00e9 \u00e0 toa que o Google revelou que o termo \u201csa\u00fade mental\u201d teve um aumento de 98% em rela\u00e7\u00e3o aos anos anteriores entre as buscas na plataforma.<\/p>\n\n\n\n<p>Por acreditar no poder transformador da Educa\u00e7\u00e3o, a Legi\u00e3o da Boa Vontade (LBV) realiza anualmente o seu Congresso Internacional de Educa\u00e7\u00e3o que nessa 24<s>\u00aa<\/s> edi\u00e7\u00e3o abordar\u00e1 o tema: \u201c<strong>Desafios da aprendizagem e a sa\u00fade emocional \u2014 reflexos da pandemia: uma vis\u00e3o al\u00e9m do intelecto<\/strong>\u201d. O evento, que ocorrer\u00e1 de forma virtual pelo YouTube nos dias 27 e 28 de junho, \u00e0s 19h30, j\u00e1 est\u00e1 com inscri\u00e7\u00f5es abertas.<\/p>\n\n\n\n<p>O congresso trar\u00e1 palestras de especialistas em Educa\u00e7\u00e3o e apresentar\u00e1 a\u00e7\u00f5es pr\u00e1ticas implementadas pela LBV em sua rede de ensino, assim como os fatores que resultaram em evas\u00e3o escolar zero nesses dois anos de distanciamento social. O prop\u00f3sito \u00e9 contribuir para a forma\u00e7\u00e3o continuada de docentes, discentes, pesquisadores e profissionais de \u00e1reas ligadas \u00e0 Educa\u00e7\u00e3o e demais interessados.<\/p>\n\n\n\n<p>O diferencial do congresso da LBV \u00e9 o conceito educacional inovador da Entidade, que traz um olhar individualizado para o desenvolvimento das habilidades socioemocionais dos estudantes, aliando a qualidade pedag\u00f3gica \u00e0 Espiritualidade Ecum\u00eanica, bandeira de vanguarda da Institui\u00e7\u00e3o, proposta pelo educador Paiva Netto.<\/p>\n\n\n\n<p>Ser\u00e3o abordados \u201cos impactos emocionais na aprendizagem\u201d, \u201cos desafios de recuperar conte\u00fados pedag\u00f3gicos perdidos\u201d e \u201ca import\u00e2ncia do cuidado emocional dos educandos e profissionais\u201d. Tamb\u00e9m ser\u00e3o apresentadas a\u00e7\u00f5es pedag\u00f3gicas desenvolvidas em escolas da LBV e que podem ser implementadas na tentativa de que essas adversidades que impactam a educa\u00e7\u00e3o consigam ser prontamente enfrentadas e seus reflexos minimizados.&nbsp;<\/p>\n\n\n\n<p>As inscri\u00e7\u00f5es podem ser feitas pelo <em>site<\/em> <a href=\"http:\/\/www.lbv.org\/congressodeeducacao\">www.lbv.org\/congressodeeducacao<\/a>. O ingresso ter\u00e1 o valor simb\u00f3lico de R$ 20,00 e dar\u00e1 direito ao certificado de participa\u00e7\u00e3o. Vale ressaltar que o evento deve ser acompanhado ao vivo. Inclusive, ter\u00e1 tradu\u00e7\u00e3o simult\u00e2nea para portugu\u00eas, libras, espanhol e ingl\u00eas.&nbsp;<\/p>\n\n\n\n<p>A LBV acredita que a educa\u00e7\u00e3o constr\u00f3i oportunidades e as oportunidades transformam vidas. Participe voc\u00ea tamb\u00e9m.<\/p>\n","protected":false},"excerpt":{"rendered":"<p>A pandemia da Covid-19 trouxe significativos reflexos para a Educa\u00e7\u00e3o e n\u00e3o s\u00f3 no Brasil. De acordo com dados da Organiza\u00e7\u00e3o das Na\u00e7\u00f5es Unidas para a Educa\u00e7\u00e3o, Ci\u00eancia e Cultura (Unesco), 90% da popula\u00e7\u00e3o mundial estudantil foi afetada com o distanciamento do ambiente escolar, impactando mais de 1,5 bilh\u00e3o de estudantes em 188 pa\u00edses. Logo, &hellip;<\/p>\n","protected":false},"author":1,"featured_media":93,"comment_status":"open","ping_status":"open","sticky":false,"template":"","format":"standard","meta":{"_jetpack_memberships_contains_paid_content":false,"footnotes":"","jetpack_publicize_message":"","jetpack_publicize_feature_enabled":true,"jetpack_social_post_already_shared":false,"jetpack_social_options":{"image_generator_settings":{"template":"highway","default_image_id":0,"enabled":false},"version":2}},"categories":[4],"tags":[],"class_list":["post-92","post","type-post","status-publish","format-standard","has-post-thumbnail","hentry","category-regiao"],"jetpack_publicize_connections":[],"jetpack_featured_media_url":"https:\/\/i0.wp.com\/www.paparazzinews.com.br\/wp-content\/uploads\/2022\/06\/Arte-Congresso-de-Educacao-2022-1080x1080px.jpg?fit=768%2C768&ssl=1","views":"3413","jetpack_likes_enabled":true,"jetpack_sharing_enabled":true,"_links":{"self":[{"href":"https:\/\/www.paparazzinews.com.br\/index.php?rest_route=\/wp\/v2\/posts\/92","targetHints":{"allow":["GET"]}}],"collection":[{"href":"https:\/\/www.paparazzinews.com.br\/index.php?rest_route=\/wp\/v2\/posts"}],"about":[{"href":"https:\/\/www.paparazzinews.com.br\/index.php?rest_route=\/wp\/v2\/types\/post"}],"author":[{"embeddable":true,"href":"https:\/\/www.paparazzinews.com.br\/index.php?rest_route=\/wp\/v2\/users\/1"}],"replies":[{"embeddable":true,"href":"https:\/\/www.paparazzinews.com.br\/index.php?rest_route=%2Fwp%2Fv2%2Fcomments&post=92"}],"version-history":[{"count":1,"href":"https:\/\/www.paparazzinews.com.br\/index.php?rest_route=\/wp\/v2\/posts\/92\/revisions"}],"predecessor-version":[{"id":94,"href":"https:\/\/www.paparazzinews.com.br\/index.php?rest_route=\/wp\/v2\/posts\/92\/revisions\/94"}],"wp:featuredmedia":[{"embeddable":true,"href":"https:\/\/www.paparazzinews.com.br\/index.php?rest_route=\/wp\/v2\/media\/93"}],"wp:attachment":[{"href":"https:\/\/www.paparazzinews.com.br\/index.php?rest_route=%2Fwp%2Fv2%2Fmedia&parent=92"}],"wp:term":[{"taxonomy":"category","embeddable":true,"href":"https:\/\/www.paparazzinews.com.br\/index.php?rest_route=%2Fwp%2Fv2%2Fcategories&post=92"},{"taxonomy":"post_tag","embeddable":true,"href":"https:\/\/www.paparazzinews.com.br\/index.php?rest_route=%2Fwp%2Fv2%2Ftags&post=92"}],"curies":[{"name":"wp","href":"https:\/\/api.w.org\/{rel}","templated":true}]}}