{"id":9167,"date":"2024-04-16T17:16:56","date_gmt":"2024-04-16T20:16:56","guid":{"rendered":"https:\/\/www.paparazzinews.com.br\/?p=9167"},"modified":"2024-04-16T17:16:57","modified_gmt":"2024-04-16T20:16:57","slug":"descontrole-sem-aceitar-separacao-homem-esfaqueia-ex-mulher-e-a-filha-de-8-meses-em-rio-preto","status":"publish","type":"post","link":"https:\/\/www.paparazzinews.com.br\/?p=9167","title":{"rendered":"DESCONTROLE: Sem aceitar separa\u00e7\u00e3o homem esfaqueia ex-mulher e a filha de 8 meses em Rio Preto"},"content":{"rendered":"\n<p>Um homem de 40 anos foi preso em flagrante pela Pol\u00edcia Militar ap\u00f3s esfaquear a ex-mulher, de 22 anos, e a filha de apenas 8 meses de vida, por volta das 23h30 do\u00a0\u00faltimo\u00a0domingo\u00a0(14\/4), no Jardim Centen\u00e1rio, em Tanabi, na regi\u00e3o Metropolitana de S\u00e3o Jos\u00e9 do Rio Preto (SP). A informa\u00e7\u00e3o \u00e9 do Sbtinterior.<\/p>\n\n\n\n<p>Segundo informa\u00e7\u00f5es do boletim de ocorr\u00eancia, o suspeito foi at\u00e9 a casa da v\u00edtima, no per\u00edodo da manh\u00e3, para pegar a filha e passar o dia com ela. \u00c0 noite, voltou para devolver o beb\u00ea.<\/p>\n\n\n\n<p>Quando a m\u00e3e pegou a menina no colo, ele a segurou pelo bra\u00e7o e deu um golpe de faca. No entanto, a mulher desviou para se defender e a filha foi atingida na perna. N\u00e3o satisfeito, o criminoso tentou dar outra facada na ex-mulher. O golpe a acertou&nbsp;no peito, abaixo do seio direito.<\/p>\n\n\n\n<p>O homem fugiu em um Hyunday\/HB20. O carro foi localizado pela pol\u00edcia na rodovia Euclides da Cunha, sentido Mirassol (SP). Ele&nbsp;estacionou o ve\u00edculo e continuou a fuga correndo, mas caiu e foi preso. &nbsp;O homem foi atendido no PS da cidade porque teve escoria\u00e7\u00f5es no corpo, depois foi encaminhado para a delegacia da Pol\u00edcia Civil.&nbsp;<\/p>\n\n\n\n<p>Os investigadores constataram que a v\u00edtima j\u00e1 havia registrado um boletim de ocorr\u00eancia por viol\u00eancia dom\u00e9stica contra o ex, e tinha a medida protetiva em seu desfavor. Para o delegado, o suspeito disse que n\u00e3o tinha conhecimento dos fatos.&nbsp;<\/p>\n\n\n\n<p>Ele est\u00e1 na carceragem da DEIC de S\u00e3o Jos\u00e9 do Rio Preto e passar\u00e1 por audi\u00eancia de cust\u00f3dia.<\/p>\n\n\n\n<p>A bebezinha foi atendida na Santa Casa e recebeu 11 pontos na perna. A m\u00e3e dela ficou&nbsp;internada em observa\u00e7\u00e3o, mas passa bem.&nbsp;<\/p>\n\n\n\n<p><strong><em><strong><em><strong><em><strong><em><strong>Siga nossas redes sociais no\u00a0<a href=\"https:\/\/www.instagram.com\/ronipaparazzi\/\">Instagram\u00a0<\/a>e\u00a0<a href=\"https:\/\/www.facebook.com\/ronipaparazzicomvoce\">Facebook<\/a>\u00a0participe da nossa comunidade do Canal Roni Paparazzi no Whatsapp e receba as principais not\u00edcias do dia direto no seu celular.<\/strong>\u00a0<a href=\"https:\/\/chat.whatsapp.com\/GsG1XKo0jPOEfjzudWQcml\" target=\"_blank\" rel=\"noreferrer noopener\">\u00a0Clique aqui e se inscreva.<\/a><\/em><\/strong><\/em><\/strong><\/em><\/strong><\/em><\/strong><\/p>\n","protected":false},"excerpt":{"rendered":"<p>Um homem de 40 anos foi preso em flagrante pela Pol\u00edcia Militar ap\u00f3s esfaquear a ex-mulher, de 22 anos, e a filha de apenas 8 meses de vida, por volta das 23h30 do\u00a0\u00faltimo\u00a0domingo\u00a0(14\/4), no Jardim Centen\u00e1rio, em Tanabi, na regi\u00e3o Metropolitana de S\u00e3o Jos\u00e9 do Rio Preto (SP). A informa\u00e7\u00e3o \u00e9 do Sbtinterior. Segundo informa\u00e7\u00f5es &hellip;<\/p>\n","protected":false},"author":1,"featured_media":9141,"comment_status":"open","ping_status":"open","sticky":false,"template":"","format":"standard","meta":{"_jetpack_memberships_contains_paid_content":false,"footnotes":"","jetpack_publicize_message":"","jetpack_publicize_feature_enabled":true,"jetpack_social_post_already_shared":false,"jetpack_social_options":{"image_generator_settings":{"template":"highway","default_image_id":0,"enabled":false},"version":2}},"categories":[3],"tags":[],"class_list":["post-9167","post","type-post","status-publish","format-standard","has-post-thumbnail","hentry","category-policial"],"jetpack_publicize_connections":[],"jetpack_featured_media_url":"https:\/\/i0.wp.com\/www.paparazzinews.com.br\/wp-content\/uploads\/2024\/04\/WhatsApp-Image-2024-04-09-at-17.21.30.jpg?fit=320%2C187&ssl=1","views":"2684","jetpack_likes_enabled":true,"jetpack_sharing_enabled":true,"_links":{"self":[{"href":"https:\/\/www.paparazzinews.com.br\/index.php?rest_route=\/wp\/v2\/posts\/9167","targetHints":{"allow":["GET"]}}],"collection":[{"href":"https:\/\/www.paparazzinews.com.br\/index.php?rest_route=\/wp\/v2\/posts"}],"about":[{"href":"https:\/\/www.paparazzinews.com.br\/index.php?rest_route=\/wp\/v2\/types\/post"}],"author":[{"embeddable":true,"href":"https:\/\/www.paparazzinews.com.br\/index.php?rest_route=\/wp\/v2\/users\/1"}],"replies":[{"embeddable":true,"href":"https:\/\/www.paparazzinews.com.br\/index.php?rest_route=%2Fwp%2Fv2%2Fcomments&post=9167"}],"version-history":[{"count":1,"href":"https:\/\/www.paparazzinews.com.br\/index.php?rest_route=\/wp\/v2\/posts\/9167\/revisions"}],"predecessor-version":[{"id":9168,"href":"https:\/\/www.paparazzinews.com.br\/index.php?rest_route=\/wp\/v2\/posts\/9167\/revisions\/9168"}],"wp:featuredmedia":[{"embeddable":true,"href":"https:\/\/www.paparazzinews.com.br\/index.php?rest_route=\/wp\/v2\/media\/9141"}],"wp:attachment":[{"href":"https:\/\/www.paparazzinews.com.br\/index.php?rest_route=%2Fwp%2Fv2%2Fmedia&parent=9167"}],"wp:term":[{"taxonomy":"category","embeddable":true,"href":"https:\/\/www.paparazzinews.com.br\/index.php?rest_route=%2Fwp%2Fv2%2Fcategories&post=9167"},{"taxonomy":"post_tag","embeddable":true,"href":"https:\/\/www.paparazzinews.com.br\/index.php?rest_route=%2Fwp%2Fv2%2Ftags&post=9167"}],"curies":[{"name":"wp","href":"https:\/\/api.w.org\/{rel}","templated":true}]}}