{"id":9118,"date":"2024-04-11T17:39:03","date_gmt":"2024-04-11T20:39:03","guid":{"rendered":"https:\/\/www.paparazzinews.com.br\/?p=9118"},"modified":"2024-04-11T17:39:05","modified_gmt":"2024-04-11T20:39:05","slug":"servir-e-proteger-batalhao-da-pm-de-andradina-que-serve-a-200-mil-pessoas-comemora-seus-38-anos-de-fundacao","status":"publish","type":"post","link":"https:\/\/www.paparazzinews.com.br\/?p=9118","title":{"rendered":"SERVIR E PROTEGER: Batalh\u00e3o da PM de Andradina que serve a 200 mil pessoas comemora seus 38 anos de funda\u00e7\u00e3o"},"content":{"rendered":"\n<p>Neste auspicioso dia 10 de abril, o 28\u00ba Batalh\u00e3o de Pol\u00edcia Militar do Interior, sediado em Andradina, comemora 38 anos de sua funda\u00e7\u00e3o. Tudo se iniciou com o 2\u00ba Pelot\u00e3o do 4\u00ba Batalh\u00e3o de Ca\u00e7adores da For\u00e7a P\u00fablica, instalado em Andradina em 07 de abril de 1962.<\/p>\n\n\n\n<p>A partir dessa data a Pol\u00edcia Militar, ent\u00e3o For\u00e7a P\u00fablica, passou a ter uma presen\u00e7a marcante na cidade, iniciando seu longo e prof\u00edcuo trabalho de pacificar a regi\u00e3o. Em 06 de Outubro de 1971, o 2\u00ba Pelot\u00e3o foi elevado \u00e0 condi\u00e7\u00e3o de Companhia, passando a pertencer ao 36\u00ba Batalh\u00e3o, atual 2\u00ba BPM\/I, com sede na Rua Rio de Janeiro.<\/p>\n\n\n\n<p>Em 27 de dezembro de 1985, a 2\u00aa Companhia do 2\u00ba BPM\/I foi transformada em Batalh\u00e3o, sendo denominado 28\u00ba Batalh\u00e3o de Pol\u00edcia Militar do Interior. A Unidade foi instalada provisoriamente na sede da companhia, que ficava na Rua Paes Leme.<\/p>\n\n\n\n<p>Criado o 28\u00ba BPM\/I, foi desencadeado um \u00e1rduo trabalho de instala\u00e7\u00e3o da nova Unidade, o que efetivamente ocorreu em 10 de Abril de 1986, data que \u00e9 considerada o dia do Anivers\u00e1rio da Unidade.<br>Naquele ano a sede foi transferida em definitivo para a Rua Jos\u00e9 Augusto de Carvalho, esquina com a Avenida Bandeirantes.<\/p>\n\n\n\n<p>Seu primeiro comandante foi o Major PM Benedito Caetano Navarro, hoje Coronel da Reserva e morador da cidade. Logo ap\u00f3s a instala\u00e7\u00e3o do Batalh\u00e3o, teve in\u00edcio uma Escola de Forma\u00e7\u00e3o de Soldados, que possibilitou o preenchimento das vagas do efetivo fixado para a Unidade.<\/p>\n\n\n\n<p>Em janeiro de 2006 iniciou-se a constru\u00e7\u00e3o da sua sede pr\u00f3pria, situada na Avenida Bar\u00e3o do Rio Branco, 405, Parque Santo Ant\u00f4nio, em Andradina, que foi inaugurada em 28 de dezembro de 2006. A nova e definitiva sede do 28\u00ba BPM\/I, com terreno doado pelo munic\u00edpio em 2005, representou um marco nas atividades da Unidade, pois s\u00e3o instala\u00e7\u00f5es novas, projetadas e constru\u00eddas especificamente para as atividades administrativas e operacionais pr\u00f3prias da seguran\u00e7a p\u00fablica regional.<\/p>\n\n\n\n<p>E assim, 38 anos depois, a Unidade segue firme, trilhando os passos de seus antecessores que, com lutas e, determina\u00e7\u00e3o e coragem, tiveram o destemor de iniciarem a longa caminhada, pavimentando a estrada da Seguran\u00e7a P\u00fablica neste rinc\u00e3o do Brasil, vaticinado e profetizado por Euclides da Cunha (no v\u00e9rtice da conflu\u00eancia do caudaloso Paran\u00e1 com o lend\u00e1rio Tiet\u00ea surgir\u00e1 uma grande metr\u00f3pole) e Cora Coralina (e nas cinzas das coivaras o marco de uma grande cidade) tornando nossa regi\u00e3o nacionalmente reconhecida como uma das mais seguras do pa\u00eds.<\/p>\n\n\n\n<p>Se ontem a coragem e o destemor eram as armas principais, com as quais nossos her\u00f3is zelavam por tudo, hoje contamos com modernas viaturas de duas e quatro rodas, helic\u00f3pteros e drones, ferramentas e equipamentos inteligentes que possibilitam aumentar e potencializar o alcance dos trabalhos de preven\u00e7\u00e3o e repress\u00e3o aos crimes, que se traduzem em \u00edndices criminais excepcionais, tornando nossa regi\u00e3o uma das mais seguras do estado e do pa\u00eds.<\/p>\n\n\n\n<p>No passado e hoje seguimos fortes, firmes no prop\u00f3sito de servir e proteger, ainda que, muitas vezes, com o sacrif\u00edcio da pr\u00f3pria vida. Com seu efetivo formado por Oficiais e Pra\u00e7as abnegados, homens e mulheres preparados e motivados, diariamente saem \u00e0s ruas para levar alento e esperan\u00e7a, seguran\u00e7a e conforto, nos 365 dias do ano, \u00e0 popula\u00e7\u00e3o das 12 cidades que comp\u00f5em a \u00e1rea territorial do Batalh\u00e3o: Lav\u00ednia, Mirand\u00f3polis, Guara\u00e7a\u00ed, Murutinga do Sul, Andradina, Nova Independ\u00eancia, Castilho, Itapura, Pereira Barreto, Ilha Solteira, Sud Menucci, Suzan\u00e1polis e Bandeirantes D\u2019 Oeste, com popula\u00e7\u00e3o total estimada em 206.385 habitantes.<\/p>\n\n\n\n<p>Desta forma, em comemora\u00e7\u00e3o ao anivers\u00e1rio do Batalh\u00e3o, o seu comandante atual, Major PM Marcos Antonio Romansini, parabeniza a todos os Policiais Militares que comp\u00f5em o efetivo do Batalh\u00e3o, de ontem e de hoje, desejando-lhes muita sa\u00fade e prote\u00e7\u00e3o, para seguirem firmes na miss\u00e3o de servir e proteger \u00e0 sociedade paulista. <\/p>\n\n\n\n<p>Pol\u00edcia Militar, a for\u00e7a p\u00fabica do estado.<\/p>\n\n\n\n<p><strong><em><strong><em><strong><em><strong><em><strong>Siga nossas redes sociais no\u00a0<a href=\"https:\/\/www.instagram.com\/ronipaparazzi\/\">Instagram\u00a0<\/a>e\u00a0<a href=\"https:\/\/www.facebook.com\/ronipaparazzicomvoce\">Facebook<\/a>\u00a0participe da nossa comunidade do Canal Roni Paparazzi no Whatsapp e receba as principais not\u00edcias do dia direto no seu celular.<\/strong>\u00a0<a href=\"https:\/\/chat.whatsapp.com\/GsG1XKo0jPOEfjzudWQcml\" target=\"_blank\" rel=\"noreferrer noopener\">\u00a0Clique aqui e se inscreva.<\/a><\/em><\/strong><\/em><\/strong><\/em><\/strong><\/em><\/strong><\/p>\n","protected":false},"excerpt":{"rendered":"<p>Neste auspicioso dia 10 de abril, o 28\u00ba Batalh\u00e3o de Pol\u00edcia Militar do Interior, sediado em Andradina, comemora 38 anos de sua funda\u00e7\u00e3o. Tudo se iniciou com o 2\u00ba Pelot\u00e3o do 4\u00ba Batalh\u00e3o de Ca\u00e7adores da For\u00e7a P\u00fablica, instalado em Andradina em 07 de abril de 1962. A partir dessa data a Pol\u00edcia Militar, ent\u00e3o &hellip;<\/p>\n","protected":false},"author":1,"featured_media":9119,"comment_status":"open","ping_status":"open","sticky":false,"template":"","format":"standard","meta":{"_jetpack_memberships_contains_paid_content":false,"footnotes":"","jetpack_publicize_message":"","jetpack_publicize_feature_enabled":true,"jetpack_social_post_already_shared":false,"jetpack_social_options":{"image_generator_settings":{"template":"highway","default_image_id":0,"enabled":false},"version":2}},"categories":[3],"tags":[],"class_list":["post-9118","post","type-post","status-publish","format-standard","has-post-thumbnail","hentry","category-policial"],"jetpack_publicize_connections":[],"jetpack_featured_media_url":"https:\/\/i0.wp.com\/www.paparazzinews.com.br\/wp-content\/uploads\/2024\/04\/50567eb5-a637-4f9a-928e-2f84b18bbacf-e1712867888519.jpg?fit=1000%2C776&ssl=1","views":"3133","jetpack_likes_enabled":true,"jetpack_sharing_enabled":true,"_links":{"self":[{"href":"https:\/\/www.paparazzinews.com.br\/index.php?rest_route=\/wp\/v2\/posts\/9118","targetHints":{"allow":["GET"]}}],"collection":[{"href":"https:\/\/www.paparazzinews.com.br\/index.php?rest_route=\/wp\/v2\/posts"}],"about":[{"href":"https:\/\/www.paparazzinews.com.br\/index.php?rest_route=\/wp\/v2\/types\/post"}],"author":[{"embeddable":true,"href":"https:\/\/www.paparazzinews.com.br\/index.php?rest_route=\/wp\/v2\/users\/1"}],"replies":[{"embeddable":true,"href":"https:\/\/www.paparazzinews.com.br\/index.php?rest_route=%2Fwp%2Fv2%2Fcomments&post=9118"}],"version-history":[{"count":1,"href":"https:\/\/www.paparazzinews.com.br\/index.php?rest_route=\/wp\/v2\/posts\/9118\/revisions"}],"predecessor-version":[{"id":9120,"href":"https:\/\/www.paparazzinews.com.br\/index.php?rest_route=\/wp\/v2\/posts\/9118\/revisions\/9120"}],"wp:featuredmedia":[{"embeddable":true,"href":"https:\/\/www.paparazzinews.com.br\/index.php?rest_route=\/wp\/v2\/media\/9119"}],"wp:attachment":[{"href":"https:\/\/www.paparazzinews.com.br\/index.php?rest_route=%2Fwp%2Fv2%2Fmedia&parent=9118"}],"wp:term":[{"taxonomy":"category","embeddable":true,"href":"https:\/\/www.paparazzinews.com.br\/index.php?rest_route=%2Fwp%2Fv2%2Fcategories&post=9118"},{"taxonomy":"post_tag","embeddable":true,"href":"https:\/\/www.paparazzinews.com.br\/index.php?rest_route=%2Fwp%2Fv2%2Ftags&post=9118"}],"curies":[{"name":"wp","href":"https:\/\/api.w.org\/{rel}","templated":true}]}}