{"id":9079,"date":"2024-04-11T14:54:38","date_gmt":"2024-04-11T17:54:38","guid":{"rendered":"https:\/\/www.paparazzinews.com.br\/?p=9079"},"modified":"2024-04-11T14:54:39","modified_gmt":"2024-04-11T17:54:39","slug":"nova-direcao-agente-penitenciario-federal-com-mais-de-10-anos-de-profissao-assume-conducao-de-presidios","status":"publish","type":"post","link":"https:\/\/www.paparazzinews.com.br\/?p=9079","title":{"rendered":"NOVA DIRE\u00c7\u00c3O: Agente penitenci\u00e1rio federal com mais de 10 anos de profiss\u00e3o assume condu\u00e7\u00e3o de pres\u00eddios"},"content":{"rendered":"\n<p>O Minist\u00e9rio da Justi\u00e7a e Seguran\u00e7a P\u00fablica (MJSP) publicou, nesta quinta-feira (11), no\u00a0<a href=\"http:\/\/in.gov.br\/en\/web\/dou\/-\/portarias-de-pessoal-se\/mjsp-de-5-de-abril-de-2024-553342872\" target=\"_blank\" rel=\"noreferrer noopener\"><em>Di\u00e1rio Oficial da Uni\u00e3o<\/em><\/a>, a nomea\u00e7\u00e3o de Roderick Ordakowski como novo diretor substituto do Pres\u00eddio Federal de Mossor\u00f3 (foto), no Rio Grande do Norte. A informa\u00e7\u00e3o \u00e9 da Ag\u00eancia Brasil.<\/p>\n\n\n\n<p>Segundo a Secretaria Nacional de Pol\u00edticas Penais (Senappen\/MJSP), Roderick responder\u00e1 pela unidade &nbsp;e continuar\u00e1 como diretor titular de outra penitenci\u00e1ria federal, a de Porto Velho, em Rond\u00f4nia.<\/p>\n\n\n\n<p><a href=\"http:\/\/agenciabrasil.ebc.com.br\/geral\/noticia\/2024-02\/ministerio-anuncia-interventor-da-penitenciaria-federal-em-mossoro\" target=\"_blank\" rel=\"noreferrer noopener\">Ele substitui o interventor<\/a>&nbsp;da unidade prisional potiguar, Carlos Luis Vieira Pires, nomeado em fevereiro deste ano para assumir o cargo do ent\u00e3o diretor da unidade, Humberto Gleydson Fontinele Alencar, que foi<a href=\"http:\/\/agenciabrasil.ebc.com.br\/justica\/noticia\/2024-02\/lewandowski-afasta-direcao-de-presidio-de-mossoro-e-ordena-intervencao\" target=\"_blank\" rel=\"noreferrer noopener\">&nbsp;afastado<\/a>&nbsp;logo ap\u00f3s a fuga de dois detentos da penitenci\u00e1ria considerada de seguran\u00e7a m\u00e1xima.&nbsp; A demiss\u00e3o de Humberto<a href=\"https:\/\/agenciabrasil.ebc.com.br\/en\/node\/1589042\" target=\"_blank\" rel=\"noreferrer noopener\">&nbsp;foi oficializada em 5 de abril<\/a>&nbsp;&#8211; um dia ap\u00f3s a captura dos fugitivos Rog\u00e9rio da Silva Mendon\u00e7a e Deibson Cabral Nascimento, no Par\u00e1.<\/p>\n\n\n\n<p>Bacharel em Direito pela Universidade Federal de Mato Grosso do Sul, Roderick Ordakowski \u00e9 funcion\u00e1rio p\u00fablico de carreira da Senappen, do&nbsp; Minist\u00e9rio da Justi\u00e7a, admitido por concurso p\u00fablico em 2009, como agente penitenci\u00e1rio federal.<\/p>\n\n\n\n<p><strong><em><strong><em><strong><em><strong><em><strong>Siga nossas redes sociais no\u00a0<a href=\"https:\/\/www.instagram.com\/ronipaparazzi\/\">Instagram\u00a0<\/a>e\u00a0<a href=\"https:\/\/www.facebook.com\/ronipaparazzicomvoce\">Facebook<\/a>\u00a0participe da nossa comunidade do Canal Roni Paparazzi no Whatsapp e receba as principais not\u00edcias do dia direto no seu celular.<\/strong>\u00a0<a href=\"https:\/\/chat.whatsapp.com\/GsG1XKo0jPOEfjzudWQcml\" target=\"_blank\" rel=\"noreferrer noopener\">\u00a0Clique aqui e se inscreva.<\/a><\/em><\/strong><\/em><\/strong><\/em><\/strong><\/em><\/strong><\/p>\n","protected":false},"excerpt":{"rendered":"<p>O Minist\u00e9rio da Justi\u00e7a e Seguran\u00e7a P\u00fablica (MJSP) publicou, nesta quinta-feira (11), no\u00a0Di\u00e1rio Oficial da Uni\u00e3o, a nomea\u00e7\u00e3o de Roderick Ordakowski como novo diretor substituto do Pres\u00eddio Federal de Mossor\u00f3 (foto), no Rio Grande do Norte. A informa\u00e7\u00e3o \u00e9 da Ag\u00eancia Brasil. Segundo a Secretaria Nacional de Pol\u00edticas Penais (Senappen\/MJSP), Roderick responder\u00e1 pela unidade &nbsp;e &hellip;<\/p>\n","protected":false},"author":1,"featured_media":9080,"comment_status":"open","ping_status":"open","sticky":false,"template":"","format":"standard","meta":{"_jetpack_memberships_contains_paid_content":false,"footnotes":"","jetpack_publicize_message":"","jetpack_publicize_feature_enabled":true,"jetpack_social_post_already_shared":false,"jetpack_social_options":{"image_generator_settings":{"template":"highway","default_image_id":0,"enabled":false},"version":2}},"categories":[3],"tags":[],"class_list":["post-9079","post","type-post","status-publish","format-standard","has-post-thumbnail","hentry","category-policial"],"jetpack_publicize_connections":[],"jetpack_featured_media_url":"https:\/\/i0.wp.com\/www.paparazzinews.com.br\/wp-content\/uploads\/2024\/04\/f085fb60-6a13-45ee-a0e0-5389cfb94b7f.jpg?fit=1170%2C700&ssl=1","views":"1318","jetpack_likes_enabled":true,"jetpack_sharing_enabled":true,"_links":{"self":[{"href":"https:\/\/www.paparazzinews.com.br\/index.php?rest_route=\/wp\/v2\/posts\/9079","targetHints":{"allow":["GET"]}}],"collection":[{"href":"https:\/\/www.paparazzinews.com.br\/index.php?rest_route=\/wp\/v2\/posts"}],"about":[{"href":"https:\/\/www.paparazzinews.com.br\/index.php?rest_route=\/wp\/v2\/types\/post"}],"author":[{"embeddable":true,"href":"https:\/\/www.paparazzinews.com.br\/index.php?rest_route=\/wp\/v2\/users\/1"}],"replies":[{"embeddable":true,"href":"https:\/\/www.paparazzinews.com.br\/index.php?rest_route=%2Fwp%2Fv2%2Fcomments&post=9079"}],"version-history":[{"count":1,"href":"https:\/\/www.paparazzinews.com.br\/index.php?rest_route=\/wp\/v2\/posts\/9079\/revisions"}],"predecessor-version":[{"id":9081,"href":"https:\/\/www.paparazzinews.com.br\/index.php?rest_route=\/wp\/v2\/posts\/9079\/revisions\/9081"}],"wp:featuredmedia":[{"embeddable":true,"href":"https:\/\/www.paparazzinews.com.br\/index.php?rest_route=\/wp\/v2\/media\/9080"}],"wp:attachment":[{"href":"https:\/\/www.paparazzinews.com.br\/index.php?rest_route=%2Fwp%2Fv2%2Fmedia&parent=9079"}],"wp:term":[{"taxonomy":"category","embeddable":true,"href":"https:\/\/www.paparazzinews.com.br\/index.php?rest_route=%2Fwp%2Fv2%2Fcategories&post=9079"},{"taxonomy":"post_tag","embeddable":true,"href":"https:\/\/www.paparazzinews.com.br\/index.php?rest_route=%2Fwp%2Fv2%2Ftags&post=9079"}],"curies":[{"name":"wp","href":"https:\/\/api.w.org\/{rel}","templated":true}]}}