{"id":904,"date":"2022-10-05T14:57:49","date_gmt":"2022-10-05T17:57:49","guid":{"rendered":"https:\/\/www.paparazzinews.com.br\/?p=904"},"modified":"2022-10-05T14:57:50","modified_gmt":"2022-10-05T17:57:50","slug":"festividades-do-dia-das-criancas-ocorre-no-pj-de-andradina","status":"publish","type":"post","link":"https:\/\/www.paparazzinews.com.br\/?p=904","title":{"rendered":"Festividades do Dia das Crian\u00e7as ocorre no PJ de Andradina"},"content":{"rendered":"\n<p>As atividades em comemora\u00e7\u00e3o ao \u201cDia das Crian\u00e7as &#8211; 2022\u201d chegaram esta manh\u00e3 ao Sal\u00e3o Comunit\u00e1rio Pereira Jord\u00e3o onde \u00e9 esperada uma multid\u00e3o de crian\u00e7as. Ontem, na abertura, centenas de crian\u00e7as dos bairros vizinhos foram para a frente do Bosque Municipal onde tiveram horas agrad\u00e1veis entre brincadeiras e a distribui\u00e7\u00e3o de quitutes.<\/p>\n\n\n\n<p><br>A grande festa para as crian\u00e7as, percorrer\u00e1 pontos estrat\u00e9gicos da cidade e tamb\u00e9m na Zona Rural para levar muita divers\u00e3o as crian\u00e7as andradinenses.<\/p>\n\n\n\n<p>As a\u00e7\u00f5es est\u00e3o sendo realizadas pelo Fundo Social de Solidariedade de Andradina, por meio da Primeira Dama Ju\u00e7ara Lopes com parceria com a Secretaria de Promo\u00e7\u00e3o e Assist\u00eancia Social indo at\u00e9 o pr\u00f3ximo 12 de outubro, data em que \u00e9 comemorado o Dia das Crian\u00e7as.<\/p>\n\n\n\n<p>A primeira-dama Ju\u00e7ara Lopes no informou que ser\u00e3o realizados diferentes envolvendo secretarias do munic\u00edpio, levando brincadeiras, brinquedos, gincana, dan\u00e7as e outras atividades.<\/p>\n\n\n\n<p>A Secret\u00e1ria de Assist\u00eancia Social Silvana da Silva Santos ainda informou que tamb\u00e9m ser\u00e1 contemplada com a\u00e7\u00f5es em comemora\u00e7\u00e3o ao \u201cDia das Crian\u00e7as\u201d contemplando assentamentos.<\/p>\n\n\n\n<p>A Primeira-Dama Ju\u00e7ara Lopes e o Prefeito Municipal Mario Celso Lopes aproveitam para agradecer a todas as pessoas envolvidas nas a\u00e7\u00f5es, pois o trabalho coletivo \u00e9 muito importante para cada vez mais atender melhor a nossa popula\u00e7\u00e3o, em especial, e meu carinho as nossas crian\u00e7as, que s\u00e3o o futuro do nosso munic\u00edpio.<\/p>\n\n\n\n<p><strong>Programa\u00e7\u00e3o<br><\/strong>06\/10- Pra\u00e7a C\u00e9u das Artes, 8h30 \u2013 11h00.<br>06\/10- \u00c1rea Comunit\u00e1ria da Primavera, 14h30 \u2013 16h30.<br>07\/10- Campo do Guarani, 8h30 \u2013 11h00.<br>07\/10 \u2013 Timbor\u00e9 Agrovila, , 14h30 \u2013 16h30.<br>08\/10- Bosque do Castanheiras, 8h30 \u2013 11h00.<br>09\/10-Parque S\u00e3o Gabriel, 8h30 \u2013 11h00.<br>10\/10 \u2013 Paran\u00e1polis, 8h30 \u2013 11h00.<br>10\/10- Planalto, 14h30 \u2013 16h30.<br>12\/10- Pra\u00e7a Jo\u00e3o Leite, 8h30 \u2013 11h00.<\/p>\n","protected":false},"excerpt":{"rendered":"<p>As atividades em comemora\u00e7\u00e3o ao \u201cDia das Crian\u00e7as &#8211; 2022\u201d chegaram esta manh\u00e3 ao Sal\u00e3o Comunit\u00e1rio Pereira Jord\u00e3o onde \u00e9 esperada uma multid\u00e3o de crian\u00e7as. Ontem, na abertura, centenas de crian\u00e7as dos bairros vizinhos foram para a frente do Bosque Municipal onde tiveram horas agrad\u00e1veis entre brincadeiras e a distribui\u00e7\u00e3o de quitutes. A grande festa &hellip;<\/p>\n","protected":false},"author":1,"featured_media":905,"comment_status":"open","ping_status":"open","sticky":false,"template":"","format":"standard","meta":{"_jetpack_memberships_contains_paid_content":false,"footnotes":"","jetpack_publicize_message":"","jetpack_publicize_feature_enabled":true,"jetpack_social_post_already_shared":false,"jetpack_social_options":{"image_generator_settings":{"template":"highway","default_image_id":0,"enabled":false},"version":2}},"categories":[4],"tags":[],"class_list":["post-904","post","type-post","status-publish","format-standard","has-post-thumbnail","hentry","category-regiao"],"jetpack_publicize_connections":[],"jetpack_featured_media_url":"https:\/\/i0.wp.com\/www.paparazzinews.com.br\/wp-content\/uploads\/2022\/10\/28b49ab4-f245-4e74-abfc-eec1ea010409-e1664992657432.jpg?fit=1000%2C666&ssl=1","views":"3747","jetpack_likes_enabled":true,"jetpack_sharing_enabled":true,"_links":{"self":[{"href":"https:\/\/www.paparazzinews.com.br\/index.php?rest_route=\/wp\/v2\/posts\/904","targetHints":{"allow":["GET"]}}],"collection":[{"href":"https:\/\/www.paparazzinews.com.br\/index.php?rest_route=\/wp\/v2\/posts"}],"about":[{"href":"https:\/\/www.paparazzinews.com.br\/index.php?rest_route=\/wp\/v2\/types\/post"}],"author":[{"embeddable":true,"href":"https:\/\/www.paparazzinews.com.br\/index.php?rest_route=\/wp\/v2\/users\/1"}],"replies":[{"embeddable":true,"href":"https:\/\/www.paparazzinews.com.br\/index.php?rest_route=%2Fwp%2Fv2%2Fcomments&post=904"}],"version-history":[{"count":1,"href":"https:\/\/www.paparazzinews.com.br\/index.php?rest_route=\/wp\/v2\/posts\/904\/revisions"}],"predecessor-version":[{"id":906,"href":"https:\/\/www.paparazzinews.com.br\/index.php?rest_route=\/wp\/v2\/posts\/904\/revisions\/906"}],"wp:featuredmedia":[{"embeddable":true,"href":"https:\/\/www.paparazzinews.com.br\/index.php?rest_route=\/wp\/v2\/media\/905"}],"wp:attachment":[{"href":"https:\/\/www.paparazzinews.com.br\/index.php?rest_route=%2Fwp%2Fv2%2Fmedia&parent=904"}],"wp:term":[{"taxonomy":"category","embeddable":true,"href":"https:\/\/www.paparazzinews.com.br\/index.php?rest_route=%2Fwp%2Fv2%2Fcategories&post=904"},{"taxonomy":"post_tag","embeddable":true,"href":"https:\/\/www.paparazzinews.com.br\/index.php?rest_route=%2Fwp%2Fv2%2Ftags&post=904"}],"curies":[{"name":"wp","href":"https:\/\/api.w.org\/{rel}","templated":true}]}}