{"id":901,"date":"2022-10-05T14:54:54","date_gmt":"2022-10-05T17:54:54","guid":{"rendered":"https:\/\/www.paparazzinews.com.br\/?p=901"},"modified":"2022-10-05T14:54:56","modified_gmt":"2022-10-05T17:54:56","slug":"continua-a-implantacao-de-estacionamento-em-andradina","status":"publish","type":"post","link":"https:\/\/www.paparazzinews.com.br\/?p=901","title":{"rendered":"Continua a implanta\u00e7\u00e3o de estacionamento em Andradina"},"content":{"rendered":"\n<p>Ap\u00f3s a conclus\u00e3o da primeira fase do novo estacionamento ao longo da rua Manoel Teixeira de Freitas, na antiga faixa de dom\u00ednio da linha f\u00e9rrea, a Secretaria de Obras do Governo de Andradina iniciou a nova fase no trecho entre as ruas Ac\u00e1cio e Silva e Rodrigues Alves. A nova fase margeia a \u00e1rea do Centro Cultural Pioneiros de Andradina no projeto que vai ampliar o n\u00famero de vagas de estacionamento no Centro de Andradina.<\/p>\n\n\n\n<p>Segundo o secret\u00e1rio da Pasta, o engenheiro Geraldo Pilla, a obra para cria\u00e7\u00e3o de um grande estacionamento ao longo da rua Manoel Teixeira de Freitas vai continuar avan\u00e7ando ao mesmo tempo que tamb\u00e9m \u00e9 criado um \u201cbols\u00e3o\u201d para estacionamento de motos nas proximidades do Centro Cultural Pioneiros de Andradina e do \u201cCamel\u00f3dromo\u201d.<\/p>\n\n\n\n<p>\u201cAs novas vagas s\u00e3o facilitar o estacionamento na regi\u00e3o, fortalecendo o com\u00e9rcio local\u201d, explicou o engenheiro Geraldo Pilla.<\/p>\n\n\n\n<p>O estacionamento ao longo da rua Manoel Teixeira de Freitas beneficiar\u00e1 centenas de clientes dos estabelecimentos localizados na \u00e1rea de comercio e motoristas que trafegam pelo local. A cria\u00e7\u00e3o de novas vagas de estacionamento era uma antiga reivindica\u00e7\u00e3o dos comerciantes e a cria\u00e7\u00e3o do novo bols\u00e3o oferece aos motociclistas um melhor local e de f\u00e1cil acesso para estacionarem. Desta forma, ainda s\u00e3o liberadas novas vagas para carros.<\/p>\n\n\n\n<p>Tanto o Bols\u00e3o de Motos, quanto o estacionamento, foram considerados essenciais pela Secretaria de Obras da cidade, ap\u00f3s estudo da Divis\u00e3o de Tr\u00e2nsito e fazem parte do projeto de revitaliza\u00e7\u00e3o do Centro Comercial com a ativa\u00e7\u00e3o da Paes Leme Mall Street.<\/p>\n","protected":false},"excerpt":{"rendered":"<p>Ap\u00f3s a conclus\u00e3o da primeira fase do novo estacionamento ao longo da rua Manoel Teixeira de Freitas, na antiga faixa de dom\u00ednio da linha f\u00e9rrea, a Secretaria de Obras do Governo de Andradina iniciou a nova fase no trecho entre as ruas Ac\u00e1cio e Silva e Rodrigues Alves. A nova fase margeia a \u00e1rea do &hellip;<\/p>\n","protected":false},"author":1,"featured_media":902,"comment_status":"open","ping_status":"open","sticky":false,"template":"","format":"standard","meta":{"_jetpack_memberships_contains_paid_content":false,"footnotes":"","jetpack_publicize_message":"","jetpack_publicize_feature_enabled":true,"jetpack_social_post_already_shared":false,"jetpack_social_options":{"image_generator_settings":{"template":"highway","default_image_id":0,"enabled":false},"version":2}},"categories":[4],"tags":[],"class_list":["post-901","post","type-post","status-publish","format-standard","has-post-thumbnail","hentry","category-regiao"],"jetpack_publicize_connections":[],"jetpack_featured_media_url":"https:\/\/i0.wp.com\/www.paparazzinews.com.br\/wp-content\/uploads\/2022\/10\/bd34a369-d921-402e-af5e-cdb3318b14de-e1664992487463.jpg?fit=1000%2C750&ssl=1","views":"2925","jetpack_likes_enabled":true,"jetpack_sharing_enabled":true,"_links":{"self":[{"href":"https:\/\/www.paparazzinews.com.br\/index.php?rest_route=\/wp\/v2\/posts\/901","targetHints":{"allow":["GET"]}}],"collection":[{"href":"https:\/\/www.paparazzinews.com.br\/index.php?rest_route=\/wp\/v2\/posts"}],"about":[{"href":"https:\/\/www.paparazzinews.com.br\/index.php?rest_route=\/wp\/v2\/types\/post"}],"author":[{"embeddable":true,"href":"https:\/\/www.paparazzinews.com.br\/index.php?rest_route=\/wp\/v2\/users\/1"}],"replies":[{"embeddable":true,"href":"https:\/\/www.paparazzinews.com.br\/index.php?rest_route=%2Fwp%2Fv2%2Fcomments&post=901"}],"version-history":[{"count":1,"href":"https:\/\/www.paparazzinews.com.br\/index.php?rest_route=\/wp\/v2\/posts\/901\/revisions"}],"predecessor-version":[{"id":903,"href":"https:\/\/www.paparazzinews.com.br\/index.php?rest_route=\/wp\/v2\/posts\/901\/revisions\/903"}],"wp:featuredmedia":[{"embeddable":true,"href":"https:\/\/www.paparazzinews.com.br\/index.php?rest_route=\/wp\/v2\/media\/902"}],"wp:attachment":[{"href":"https:\/\/www.paparazzinews.com.br\/index.php?rest_route=%2Fwp%2Fv2%2Fmedia&parent=901"}],"wp:term":[{"taxonomy":"category","embeddable":true,"href":"https:\/\/www.paparazzinews.com.br\/index.php?rest_route=%2Fwp%2Fv2%2Fcategories&post=901"},{"taxonomy":"post_tag","embeddable":true,"href":"https:\/\/www.paparazzinews.com.br\/index.php?rest_route=%2Fwp%2Fv2%2Ftags&post=901"}],"curies":[{"name":"wp","href":"https:\/\/api.w.org\/{rel}","templated":true}]}}