{"id":8992,"date":"2024-04-03T15:48:10","date_gmt":"2024-04-03T18:48:10","guid":{"rendered":"https:\/\/www.paparazzinews.com.br\/?p=8992"},"modified":"2024-04-03T15:49:55","modified_gmt":"2024-04-03T18:49:55","slug":"empreendedorismo-superintendente-do-sebrae-estara-presente-em-nesta-quinta-em-inauguracao-de-posto","status":"publish","type":"post","link":"https:\/\/www.paparazzinews.com.br\/?p=8992","title":{"rendered":"EMPREENDEDORISMO: Superintendente do Sebrae estar\u00e1 presente nesta quinta em inaugura\u00e7\u00e3o de posto"},"content":{"rendered":"\n<p>Superintendente do Sebrae estar\u00e1 presente em Murutinga do Sul nesta quinta em inaugura\u00e7\u00e3o.<br>\u201cinforma\u00e7\u00e3o foi confirmada pelo prefeito Cristiano Eleut\u00e9rio\u201d<br>A cerim\u00f4nia de inaugura\u00e7\u00e3o da ag\u00eancia do \u201cSebrae Aqui\u201d em Murutinga do Sul, que ser\u00e1 realizada nesta quinta-feira (4\/04), \u00e0s 14h ter\u00e1 a presen\u00e7a do diretor-superintendente do \u00f3rg\u00e3o no estado, Nelson Hervey Costa. A informa\u00e7\u00e3o foi confirmada pelo prefeito do munic\u00edpio, Cristiano Eleut\u00e9rio Soares da Silva.<\/p>\n\n\n\n<p>\u201cSer\u00e1 uma grande honra para n\u00f3s murutinguenses recepcionar o doutor Nelson em nossa cidade. Al\u00e9m de estarmos recebendo a ag\u00eancia do Sebrae Aqui em Murutinga do Sul, tamb\u00e9m estaremos sendo agraciados com a ilustre presen\u00e7a do diretor do \u00f3rg\u00e3o no ato de inaugura\u00e7\u00e3o. O Sbrae \u00e9 um \u00f3rg\u00e3o que contribui para o desenvolvimento e capacita\u00e7\u00e3o de micros e pequenos empreendedores do pa\u00eds. E esse processo de capacita\u00e7\u00e3o estar\u00e1 acontecendo com os nossos empres\u00e1rios e comerciaintes, e sem sombra de d\u00favidas, ser\u00e1 de grande import\u00e2ncia para o aprimoramento gerencial e de oportunidades destas empresas de Murutinga do Sul\u201d \u2013 destacou o prefeito Cristiano Eleut\u00e9rio.<\/p>\n\n\n\n<p>Al\u00e9m do diretor-superintendente do Sebrae\/SP, o diretor-t\u00e9cnico do \u00f3rg\u00e3o, Marco Vinholi tamb\u00e9m confirmou a presen\u00e7a na inaugura\u00e7\u00e3o desta quinta-feira. Os membros da dire\u00e7\u00e3o do Sebrae paulista estar\u00e3o sendo recepcionados pelo prefeito Cristiano Eleut\u00e9rio em sua resid\u00eancia, onde ser\u00e1 servido almo\u00e7o \u00e0s autoridades.<\/p>\n\n\n\n<p>O polo do Sebrae Aqui est\u00e1 funcionando na rua Jacyra Marcussi Hussein, 551, na \u00e1rea central de Murutinga do Sul.<\/p>\n\n\n\n<p><strong><em><strong><em><strong><em><strong><em><strong>Siga nossas redes sociais no\u00a0<a href=\"https:\/\/www.instagram.com\/ronipaparazzi\/\">Instagram\u00a0<\/a>e\u00a0<a href=\"https:\/\/www.facebook.com\/ronipaparazzicomvoce\">Facebook<\/a>\u00a0participe da nossa comunidade do Canal Roni Paparazzi no Whatsapp e receba as principais not\u00edcias do dia direto no seu celular.<\/strong>\u00a0<a href=\"https:\/\/chat.whatsapp.com\/GsG1XKo0jPOEfjzudWQcml\" target=\"_blank\" rel=\"noreferrer noopener\">\u00a0Clique aqui e se inscreva.<\/a><\/em><\/strong><\/em><\/strong><\/em><\/strong><\/em><\/strong><\/p>\n","protected":false},"excerpt":{"rendered":"<p>Superintendente do Sebrae estar\u00e1 presente em Murutinga do Sul nesta quinta em inaugura\u00e7\u00e3o.\u201cinforma\u00e7\u00e3o foi confirmada pelo prefeito Cristiano Eleut\u00e9rio\u201dA cerim\u00f4nia de inaugura\u00e7\u00e3o da ag\u00eancia do \u201cSebrae Aqui\u201d em Murutinga do Sul, que ser\u00e1 realizada nesta quinta-feira (4\/04), \u00e0s 14h ter\u00e1 a presen\u00e7a do diretor-superintendente do \u00f3rg\u00e3o no estado, Nelson Hervey Costa. A informa\u00e7\u00e3o foi confirmada &hellip;<\/p>\n","protected":false},"author":1,"featured_media":8993,"comment_status":"open","ping_status":"open","sticky":false,"template":"","format":"standard","meta":{"_jetpack_memberships_contains_paid_content":false,"footnotes":"","jetpack_publicize_message":"","jetpack_publicize_feature_enabled":true,"jetpack_social_post_already_shared":false,"jetpack_social_options":{"image_generator_settings":{"template":"highway","default_image_id":0,"enabled":false},"version":2}},"categories":[4],"tags":[],"class_list":["post-8992","post","type-post","status-publish","format-standard","has-post-thumbnail","hentry","category-regiao"],"jetpack_publicize_connections":[],"jetpack_featured_media_url":"https:\/\/i0.wp.com\/www.paparazzinews.com.br\/wp-content\/uploads\/2024\/04\/78351b68-9528-48ea-a49d-a66aac9f866f-e1712170079753.jpg?fit=1000%2C838&ssl=1","views":"2758","jetpack_likes_enabled":true,"jetpack_sharing_enabled":true,"_links":{"self":[{"href":"https:\/\/www.paparazzinews.com.br\/index.php?rest_route=\/wp\/v2\/posts\/8992","targetHints":{"allow":["GET"]}}],"collection":[{"href":"https:\/\/www.paparazzinews.com.br\/index.php?rest_route=\/wp\/v2\/posts"}],"about":[{"href":"https:\/\/www.paparazzinews.com.br\/index.php?rest_route=\/wp\/v2\/types\/post"}],"author":[{"embeddable":true,"href":"https:\/\/www.paparazzinews.com.br\/index.php?rest_route=\/wp\/v2\/users\/1"}],"replies":[{"embeddable":true,"href":"https:\/\/www.paparazzinews.com.br\/index.php?rest_route=%2Fwp%2Fv2%2Fcomments&post=8992"}],"version-history":[{"count":2,"href":"https:\/\/www.paparazzinews.com.br\/index.php?rest_route=\/wp\/v2\/posts\/8992\/revisions"}],"predecessor-version":[{"id":8995,"href":"https:\/\/www.paparazzinews.com.br\/index.php?rest_route=\/wp\/v2\/posts\/8992\/revisions\/8995"}],"wp:featuredmedia":[{"embeddable":true,"href":"https:\/\/www.paparazzinews.com.br\/index.php?rest_route=\/wp\/v2\/media\/8993"}],"wp:attachment":[{"href":"https:\/\/www.paparazzinews.com.br\/index.php?rest_route=%2Fwp%2Fv2%2Fmedia&parent=8992"}],"wp:term":[{"taxonomy":"category","embeddable":true,"href":"https:\/\/www.paparazzinews.com.br\/index.php?rest_route=%2Fwp%2Fv2%2Fcategories&post=8992"},{"taxonomy":"post_tag","embeddable":true,"href":"https:\/\/www.paparazzinews.com.br\/index.php?rest_route=%2Fwp%2Fv2%2Ftags&post=8992"}],"curies":[{"name":"wp","href":"https:\/\/api.w.org\/{rel}","templated":true}]}}