{"id":898,"date":"2022-10-05T14:53:09","date_gmt":"2022-10-05T17:53:09","guid":{"rendered":"https:\/\/www.paparazzinews.com.br\/?p=898"},"modified":"2022-10-05T14:53:11","modified_gmt":"2022-10-05T17:53:11","slug":"6-mil-pessoas-vao-realizar-concurso-em-andradina","status":"publish","type":"post","link":"https:\/\/www.paparazzinews.com.br\/?p=898","title":{"rendered":"6 mil pessoas v\u00e3o realizar concurso em Andradina"},"content":{"rendered":"\n<p>O Governo de Andradina se prepara para receber um p\u00fablico de mais de 6 mil candidatos que v\u00e3o realizar provas para o Concurso P\u00fablico nestes 8 e 9 de outubro. A Prefeitura j\u00e1 divulgou os locais das provas para o Concurso P\u00fablico para o preenchimento de 127 vagas em v\u00e1rios setores da municipalidade. A expectativa era de receber aproximadamente 1,6 mil inscritos mas esse n\u00famero superou 6,2 mil inscri\u00e7\u00f5es.<\/p>\n\n\n\n<p>A grande quantidade de candidatos fez com que algumas provas tivessem que ser realizadas em mais de uma escola. O candidato deve estar atento ao local que foi dividido conforme a inicial do nome.<\/p>\n\n\n\n<p>O edital com locais e hor\u00e1rios est\u00e3o dispon\u00edveis no site da prefeitura atrav\u00e9s do link: <a href=\"https:\/\/www.andradina.sp.gov.br\/arquivos\/edital_convocacao_concurso_publico_02-2022_23100319.pdf\">https:\/\/www.andradina.sp.gov.br\/arquivos\/edital_convocacao_concurso_publico_02-2022_23100319.pdf<\/a><\/p>\n\n\n\n<p>O grande contingente de candidatos fez com que a Prefeitura reavaliasse a estrutura dispon\u00edvel para a realiza\u00e7\u00e3o do concurso, sendo necess\u00e1rios novos estudos, principalmente sobre os espa\u00e7os f\u00edsicos para a realiza\u00e7\u00e3o das provas.<\/p>\n\n\n\n<p>Para o prefeito M\u00e1rio Celso Lopes, o concurso \u00e9 uma oportunidade para que as pessoas possam seguir uma carreira p\u00fablica e ajudar as administra\u00e7\u00f5es a cumprir o seu maior papel que \u00e9 servir ao povo de Andradina.<\/p>\n\n\n\n<p>No concurso, as oportunidades s\u00e3o para os cargos de agente de endemias, agente de saneamento assistente de administra\u00e7\u00e3o, municipais, auxiliar de servi\u00e7os diversos, coveiro, escritur\u00e1rio, fiscal de servi\u00e7os p\u00fablicos, fiscal fazend\u00e1rio, fisioterapeuta, fonoaudi\u00f3logo, guarda municipal, inspetor de alunos, eletricista, jardineiro, motorista, nutricionista, operador de m\u00e1quinas, pintor, profissional de educa\u00e7\u00e3o f\u00edsica, t\u00e9cnico em turismo.<\/p>\n","protected":false},"excerpt":{"rendered":"<p>O Governo de Andradina se prepara para receber um p\u00fablico de mais de 6 mil candidatos que v\u00e3o realizar provas para o Concurso P\u00fablico nestes 8 e 9 de outubro. A Prefeitura j\u00e1 divulgou os locais das provas para o Concurso P\u00fablico para o preenchimento de 127 vagas em v\u00e1rios setores da municipalidade. A expectativa &hellip;<\/p>\n","protected":false},"author":1,"featured_media":900,"comment_status":"open","ping_status":"open","sticky":false,"template":"","format":"standard","meta":{"_jetpack_memberships_contains_paid_content":false,"footnotes":"","jetpack_publicize_message":"","jetpack_publicize_feature_enabled":true,"jetpack_social_post_already_shared":false,"jetpack_social_options":{"image_generator_settings":{"template":"highway","default_image_id":0,"enabled":false},"version":2}},"categories":[4],"tags":[],"class_list":["post-898","post","type-post","status-publish","format-standard","has-post-thumbnail","hentry","category-regiao"],"jetpack_publicize_connections":[],"jetpack_featured_media_url":"https:\/\/i0.wp.com\/www.paparazzinews.com.br\/wp-content\/uploads\/2022\/10\/c18e0094-36f9-4ead-9148-42150711921a-e1664992378668.jpg?fit=1000%2C666&ssl=1","views":"2622","jetpack_likes_enabled":true,"jetpack_sharing_enabled":true,"_links":{"self":[{"href":"https:\/\/www.paparazzinews.com.br\/index.php?rest_route=\/wp\/v2\/posts\/898","targetHints":{"allow":["GET"]}}],"collection":[{"href":"https:\/\/www.paparazzinews.com.br\/index.php?rest_route=\/wp\/v2\/posts"}],"about":[{"href":"https:\/\/www.paparazzinews.com.br\/index.php?rest_route=\/wp\/v2\/types\/post"}],"author":[{"embeddable":true,"href":"https:\/\/www.paparazzinews.com.br\/index.php?rest_route=\/wp\/v2\/users\/1"}],"replies":[{"embeddable":true,"href":"https:\/\/www.paparazzinews.com.br\/index.php?rest_route=%2Fwp%2Fv2%2Fcomments&post=898"}],"version-history":[{"count":1,"href":"https:\/\/www.paparazzinews.com.br\/index.php?rest_route=\/wp\/v2\/posts\/898\/revisions"}],"predecessor-version":[{"id":899,"href":"https:\/\/www.paparazzinews.com.br\/index.php?rest_route=\/wp\/v2\/posts\/898\/revisions\/899"}],"wp:featuredmedia":[{"embeddable":true,"href":"https:\/\/www.paparazzinews.com.br\/index.php?rest_route=\/wp\/v2\/media\/900"}],"wp:attachment":[{"href":"https:\/\/www.paparazzinews.com.br\/index.php?rest_route=%2Fwp%2Fv2%2Fmedia&parent=898"}],"wp:term":[{"taxonomy":"category","embeddable":true,"href":"https:\/\/www.paparazzinews.com.br\/index.php?rest_route=%2Fwp%2Fv2%2Fcategories&post=898"},{"taxonomy":"post_tag","embeddable":true,"href":"https:\/\/www.paparazzinews.com.br\/index.php?rest_route=%2Fwp%2Fv2%2Ftags&post=898"}],"curies":[{"name":"wp","href":"https:\/\/api.w.org\/{rel}","templated":true}]}}