{"id":8957,"date":"2024-04-03T14:22:45","date_gmt":"2024-04-03T17:22:45","guid":{"rendered":"https:\/\/www.paparazzinews.com.br\/?p=8957"},"modified":"2024-04-03T14:22:46","modified_gmt":"2024-04-03T17:22:46","slug":"investimentos-secretario-explica-funcionamento-da-farmacia-municipal-e-anuncia-reestruturacao","status":"publish","type":"post","link":"https:\/\/www.paparazzinews.com.br\/?p=8957","title":{"rendered":"INVESTIMENTOS: Secret\u00e1rio explica funcionamento da Farm\u00e1cia Municipal e anuncia reestrutura\u00e7\u00e3o"},"content":{"rendered":"\n<h3 class=\"wp-block-heading\"><strong>A Secretaria Municipal de Sa\u00fade divulgou nessa semana que al\u00e9m de garantir o estoque regular de medicamentos para atender milhares de castilhenses, tamb\u00e9m far\u00e1 novos investimentos na \u00e1rea de log\u00edstica.<\/strong><\/h3>\n\n\n\n<p>Segundo Demilson Cordeiro, titular da Pasta, o Governo Municipal est\u00e1 finalizando a adapta\u00e7\u00e3o de um amplo espa\u00e7o dentro do pr\u00f3prio CIS \u2013 Centro Integrado de Sa\u00fade, onde funcionar\u00e1 a&nbsp;<strong>Central de Suprimentos.<\/strong><\/p>\n\n\n\n<blockquote class=\"wp-block-quote is-layout-flow wp-block-quote-is-layout-flow\">\n<p>\u201c<em><strong>O local escolhido \u00e9 a antiga sala dos Agentes Comunit\u00e1rios de Sa\u00fade que desde a descentraliza\u00e7\u00e3o dos atendimentos no CIS com o funcionamento das UBSs urbanas [Laranjeiras, Al\u00edpio e Alvorada], ficou praticamente ociosa. Com a reestrutura\u00e7\u00e3o, o espa\u00e7o praticamente triplicou de tamanho, garantindo maior facilidade para armazenar e controlar a entrada e sa\u00edda de medicamentos<\/strong><\/em>\u201d, explica o secret\u00e1rio.<\/p>\n<\/blockquote>\n\n\n\n<p>Esta nova Central de Suprimentos ocupar\u00e1 uma \u00e1rea total de 250 metros quadrados, divididos por setores e tendo, inclusive, uma sala dedicada exclusivamente ao estoque dos medicamentos atendendo a crit\u00e9rios da Vigil\u00e2ncia Sanit\u00e1ria e Conselho de Farm\u00e1cia: climatizada e com controle de umidade.<\/p>\n\n\n\n<p>Quando entrar em funcionamento, todos os medicamentos adquiridos pela Prefeitura com recursos pr\u00f3prios e tamb\u00e9m aqueles destinados \u00e0 popula\u00e7\u00e3o pelos governos Estadual e Federal, ser\u00e3o recebidos e planilhados, estocados e dispensados, conforme a demanda das Farm\u00e1cias Municipais j\u00e1 existentes (urbana e unidades descentralizadas).<\/p>\n\n\n\n<p>O secret\u00e1rio lembra que essa descentraliza\u00e7\u00e3o gradual do servi\u00e7o de entrega de medicamentos come\u00e7ou com a cria\u00e7\u00e3o de Farm\u00e1cias Municipais em duas UBSs localizadas nas \u00e1reas rurais: Jupi\u00e1 e Assentamento S\u00e3o Luiz.<\/p>\n\n\n\n<blockquote class=\"wp-block-quote is-layout-flow wp-block-quote-is-layout-flow\">\n<p>\u201c<em><strong>Hoje temos um grande estoque de medicamentos para garantir o atendimento a todos os cidad\u00e3os. S\u00e3o mais de 450 itens<\/strong><\/em>\u201d, explica Demilson sobre a disponibilidade de rem\u00e9dios constantes somente na Rela\u00e7\u00e3o Municipal de Medicamentos (REMUME), que \u00e9 padronizada. \u201c<em><strong>Castilho trabalha com a REMUME e orienta os profissionais m\u00e9dicos a prescreverem medica\u00e7\u00f5es dentro da padroniza\u00e7\u00e3o, garantindo assim acesso ao tratamento medicamentoso<\/strong><\/em>\u201d, completa ele.<\/p>\n<\/blockquote>\n\n\n\n<p><strong>DIVERSIDADE<\/strong>&nbsp;\u2013 \u00c9 com este estoque que a Farm\u00e1cia Municipal tem atendido milhares de moradores atrav\u00e9s da dispensa\u00e7\u00e3o de medicamentos pertencente ao Sistema \u00danico de Sa\u00fade (SUS). No espa\u00e7o tamb\u00e9m s\u00e3o atendidos pacientes com pedidos de rem\u00e9dios enviados pelo Governo do Estado de S\u00e3o Paulo, o chamado alto custo.<\/p>\n\n\n\n<p>De acordo com o secret\u00e1rio de Sa\u00fade, as ocasi\u00f5es em que falta algum tipo de medicamento s\u00e3o causadas, principalmente, porque os fornecedores nem sempre conseguem atender a grande demanda ou manter o valor licitado:<\/p>\n\n\n\n<blockquote class=\"wp-block-quote is-layout-flow wp-block-quote-is-layout-flow\">\n<p>\u201c<em><strong>At\u00e9 mesmo em farm\u00e1cias particulares, muitas vezes temos dificuldades em encontrar determinado medicamento e precisamos procurar em v\u00e1rios outros estabelecimentos, pois esses tamb\u00e9m dependem dos laborat\u00f3rios<\/strong><\/em>\u201d, compara Demilson.<\/p>\n<\/blockquote>\n\n\n\n<p><strong>ESTRAT\u00c9GIA<\/strong>&nbsp;&#8211; Para ampliar a chances de manter a totalidade de suas compras e tamb\u00e9m o menor pre\u00e7o poss\u00edvel como determina a legisla\u00e7\u00e3o brasileira, a Prefeitura de Castilho decidiu aderir \u00e0 licita\u00e7\u00e3o realizada pelo CIENSP &#8211; Cons\u00f3rcio Intermunicipal do Extremo Noroeste de S\u00e3o Paulo. Sobre essa decis\u00e3o, Demilson explica:<\/p>\n\n\n\n<blockquote class=\"wp-block-quote is-layout-flow wp-block-quote-is-layout-flow\">\n<p>\u201c<em><strong>O enorme volume de itens cotados por&nbsp;<\/strong><\/em><em><strong>cada um d<\/strong><\/em><em><strong>os&nbsp;<\/strong><\/em><em><strong>24 munic\u00edpios atualmente consorciados,&nbsp;<\/strong><\/em><em><strong>garante maior economia aos cofres p\u00fablicos destas prefeituras. \u00c9 a mesma coisa que acontece quando o consumidor realiza compras em sua farm\u00e1cia preferida: quanto maior o valor da sua compra, maiores os descontos oferecidos pelo propriet\u00e1rio<\/strong><\/em>\u201d.<\/p>\n<\/blockquote>\n\n\n\n<p><strong>FUNCIONAMENTO<\/strong>&nbsp;&#8211; Em Castilho, a Farm\u00e1cia Municipal urbana atende de segunda a sexta-feira, das 7h \u00e0s 19h, sem intervalo para almo\u00e7o e, aos s\u00e1bados, das 8h \u00e0s 12h. J\u00e1 nas unidades descentralizadas (rurais) o hor\u00e1rio de atendimento \u00e9 das 8h \u00e0s 16h, em dias da semana.<\/p>\n\n\n\n<p><strong><em><strong><em><strong><em><strong><em><strong>Siga nossas redes sociais no\u00a0<a href=\"https:\/\/www.instagram.com\/ronipaparazzi\/\">Instagram\u00a0<\/a>e\u00a0<a href=\"https:\/\/www.facebook.com\/ronipaparazzicomvoce\">Facebook<\/a>\u00a0participe da nossa comunidade do Canal Roni Paparazzi no Whatsapp e receba as principais not\u00edcias do dia direto no seu celular.<\/strong>\u00a0<a href=\"https:\/\/chat.whatsapp.com\/GsG1XKo0jPOEfjzudWQcml\" target=\"_blank\" rel=\"noreferrer noopener\">\u00a0Clique aqui e se inscreva.<\/a><\/em><\/strong><\/em><\/strong><\/em><\/strong><\/em><\/strong><\/p>\n","protected":false},"excerpt":{"rendered":"<p>A Secretaria Municipal de Sa\u00fade divulgou nessa semana que al\u00e9m de garantir o estoque regular de medicamentos para atender milhares de castilhenses, tamb\u00e9m far\u00e1 novos investimentos na \u00e1rea de log\u00edstica. Segundo Demilson Cordeiro, titular da Pasta, o Governo Municipal est\u00e1 finalizando a adapta\u00e7\u00e3o de um amplo espa\u00e7o dentro do pr\u00f3prio CIS \u2013 Centro Integrado de &hellip;<\/p>\n","protected":false},"author":1,"featured_media":8958,"comment_status":"open","ping_status":"open","sticky":false,"template":"","format":"standard","meta":{"_jetpack_memberships_contains_paid_content":false,"footnotes":"","jetpack_publicize_message":"","jetpack_publicize_feature_enabled":true,"jetpack_social_post_already_shared":false,"jetpack_social_options":{"image_generator_settings":{"template":"highway","default_image_id":0,"enabled":false},"version":2}},"categories":[4],"tags":[],"class_list":["post-8957","post","type-post","status-publish","format-standard","has-post-thumbnail","hentry","category-regiao"],"jetpack_publicize_connections":[],"jetpack_featured_media_url":"https:\/\/i0.wp.com\/www.paparazzinews.com.br\/wp-content\/uploads\/2024\/04\/435466631_840623817872241_8009721271332437876_n.jpg?fit=714%2C431&ssl=1","views":"1634","jetpack_likes_enabled":true,"jetpack_sharing_enabled":true,"_links":{"self":[{"href":"https:\/\/www.paparazzinews.com.br\/index.php?rest_route=\/wp\/v2\/posts\/8957","targetHints":{"allow":["GET"]}}],"collection":[{"href":"https:\/\/www.paparazzinews.com.br\/index.php?rest_route=\/wp\/v2\/posts"}],"about":[{"href":"https:\/\/www.paparazzinews.com.br\/index.php?rest_route=\/wp\/v2\/types\/post"}],"author":[{"embeddable":true,"href":"https:\/\/www.paparazzinews.com.br\/index.php?rest_route=\/wp\/v2\/users\/1"}],"replies":[{"embeddable":true,"href":"https:\/\/www.paparazzinews.com.br\/index.php?rest_route=%2Fwp%2Fv2%2Fcomments&post=8957"}],"version-history":[{"count":1,"href":"https:\/\/www.paparazzinews.com.br\/index.php?rest_route=\/wp\/v2\/posts\/8957\/revisions"}],"predecessor-version":[{"id":8959,"href":"https:\/\/www.paparazzinews.com.br\/index.php?rest_route=\/wp\/v2\/posts\/8957\/revisions\/8959"}],"wp:featuredmedia":[{"embeddable":true,"href":"https:\/\/www.paparazzinews.com.br\/index.php?rest_route=\/wp\/v2\/media\/8958"}],"wp:attachment":[{"href":"https:\/\/www.paparazzinews.com.br\/index.php?rest_route=%2Fwp%2Fv2%2Fmedia&parent=8957"}],"wp:term":[{"taxonomy":"category","embeddable":true,"href":"https:\/\/www.paparazzinews.com.br\/index.php?rest_route=%2Fwp%2Fv2%2Fcategories&post=8957"},{"taxonomy":"post_tag","embeddable":true,"href":"https:\/\/www.paparazzinews.com.br\/index.php?rest_route=%2Fwp%2Fv2%2Ftags&post=8957"}],"curies":[{"name":"wp","href":"https:\/\/api.w.org\/{rel}","templated":true}]}}