{"id":8954,"date":"2024-04-03T14:07:36","date_gmt":"2024-04-03T17:07:36","guid":{"rendered":"https:\/\/www.paparazzinews.com.br\/?p=8954"},"modified":"2024-04-03T14:07:36","modified_gmt":"2024-04-03T17:07:36","slug":"primeiro-voto-jovens-de-16-a-18-anos-podem-tirar-1o-titulo-de-eleitor-ate-8-de-maio","status":"publish","type":"post","link":"https:\/\/www.paparazzinews.com.br\/?p=8954","title":{"rendered":"PRIMEIRO VOTO: Jovens de 16 a 18 anos podem tirar 1\u00ba t\u00edtulo de eleitor at\u00e9 8 de maio"},"content":{"rendered":"\n<p>Jovens de 16 a 18 anos que querem participar das elei\u00e7\u00f5es municipais deste ano t\u00eam at\u00e9 8 de maio para tirar o t\u00edtulo eleitoral, que habilita o cidad\u00e3o ou a cidad\u00e3 a exercer o direito do voto. Em outubro, as elei\u00e7\u00f5es ser\u00e3o para escolher os representantes que ocupar\u00e3o pelos pr\u00f3ximos quatro anos os cargos de prefeito, vice-prefeito e vereador dos munic\u00edpios.<img data-recalc-dims=\"1\" decoding=\"async\" src=\"https:\/\/i0.wp.com\/agenciabrasil.ebc.com.br\/ebc.png?w=708&#038;ssl=1\"><img data-recalc-dims=\"1\" decoding=\"async\" src=\"https:\/\/i0.wp.com\/agenciabrasil.ebc.com.br\/ebc.gif?w=708&#038;ssl=1\"> A informa\u00e7\u00e3o \u00e9 da Ag\u00eancia Brasil.<\/p>\n\n\n\n<p><a href=\"http:\/\/agenciabrasil.ebc.com.br\/justica\/noticia\/2024-03\/justica-eleitoral-lanca-mobilizacao-por-alistamento-de-jovem-eleitor\" target=\"_blank\" rel=\"noreferrer noopener\">Entre 18 a 22 de mar\u00e7o<\/a>, a Justi\u00e7a Eleitoral realizou a Semana do Jovem Eleitor 2024 e nas redes sociais do Tribunal Superior Eleitoral (TSE) lan\u00e7ou a campanha dedicada a estimular o voto dos jovens, com o tema Participe do Festival Primeiro Voto com a Justi\u00e7a Eleitoral \u2013 A sua voz vai fazer hist\u00f3ria. A a\u00e7\u00f5es especiais em escolas, com foco no p\u00fablico jovem tamb\u00e9m est\u00e3o sendo desenvolvidas.<\/p>\n\n\n\n<p>Na intera\u00e7\u00e3o com este p\u00fablico, a Justi\u00e7a eleitoral destaca que a cidad\u00e3 ou o cidad\u00e3o que participa do processo eleitoral fortalece a democracia. \u201cAo votar, cidad\u00e3s e cidad\u00e3os podem ajudar a mudar o futuro da sua cidade e do seu estado. Por isso, a elei\u00e7\u00e3o \u00e9 t\u00e3o importante!\u201d.<\/p>\n\n\n\n<p>Nas elei\u00e7\u00f5es presidenciais de 2022, a cantora Anitta e outros famosos, como a atriz Bruna Marquezine, os cantores Zeca Pagodinho, Lu\u00edsa Sonza, Carlinhos Brown e at\u00e9 o ator norte-americano Mark Ruffalo, incentivaram jovens de 16 e 17 anos &#8211; que ainda n\u00e3o tinham t\u00edtulo de eleitor &#8211; a tirar o documento e comparecer \u00e0s urnas naquele pleito. De acordo com o TSE, em 2022, 2.116.781 eleitoras e eleitores com 16 e 17 anos emitiram seu t\u00edtulo de eleitor e se tornaram aptos a votar. O n\u00famero representou um crescimento de 51,13% em rela\u00e7\u00e3o \u00e0s elei\u00e7\u00f5es majorit\u00e1rias de 2018.<\/p>\n\n\n\n<h2 class=\"wp-block-heading\">Primeiro t\u00edtulo de eleitor<\/h2>\n\n\n\n<p>O procedimento de alistamento eleitoral pode ser feito pela internet, por meio do sistema de sistema autoatendimento&nbsp;<a href=\"https:\/\/www.tse.jus.br\/servicos-eleitorais\/autoatendimento-eleitoral#\/\" target=\"_blank\" rel=\"noreferrer noopener\">T\u00edtuloNet<\/a>. Ao acessar o sistema, o jovem deve selecionar a op\u00e7\u00e3o \u201cn\u00e3o tenho\u201d, na guia \u201cT\u00edtulo de eleitor\u201d, somente se nunca tiver tirado o t\u00edtulo. Posteriormente, dever\u00e1 preencher todos os campos indicados com dados pessoais, como nome completo,&nbsp;<em>e-mail<\/em>, n\u00famero da carteira de identidade e local de nascimento.<\/p>\n\n\n\n<p>Al\u00e9m dessas informa\u00e7\u00f5es, \u00e9 preciso anexar pelo menos quatro fotografias ao requerimento para comprova\u00e7\u00e3o da identidade. A primeira delas \u00e9 uma fotografia (<em>selfie<\/em>) segurando um documento oficial de identifica\u00e7\u00e3o. As duas seguintes s\u00e3o da pr\u00f3pria documenta\u00e7\u00e3o utilizada para comprovar a identifica\u00e7\u00e3o da primeira foto.<\/p>\n\n\n\n<p>Na hora da foto, o futuro eleitor n\u00e3o deve usar qualquer adere\u00e7o, vestimenta ou aparato que impossibilite a completa vis\u00e3o da face, tais como \u00f3culos, bon\u00e9s, gorros, entre outros.<\/p>\n\n\n\n<p>Por fim, \u00e9 necess\u00e1rio juntar um comprovante de resid\u00eancia. E os eleitores homens com idade entre 18 e 45 anos devem enviar ainda o comprovante de quita\u00e7\u00e3o com o servi\u00e7o militar obrigat\u00f3rio.&nbsp; Todas as imagens devem estar totalmente leg\u00edveis. Caso contr\u00e1rio, a solicita\u00e7\u00e3o pode ser negada pela Justi\u00e7a Eleitoral.<\/p>\n\n\n\n<p>Ap\u00f3s o envio da solicita\u00e7\u00e3o, a emiss\u00e3o do documento pode ser acompanhada pela internet. A Justi\u00e7a eleitoral explica que basta acessar a guia \u201cAcompanhar Requerimento\u201d e informar o n\u00famero do protocolo gerado na primeira fase do atendimento. Depois, o cidad\u00e3o deve procurar o cart\u00f3rio eleitoral mais pr\u00f3ximo para emitir seu t\u00edtulo eleitoral.<\/p>\n\n\n\n<p>Ap\u00f3s a solicita\u00e7\u00e3o pelo Autoatendimento Eleitoral, o futuro eleitor tem at\u00e9 30 dias para fazer seu cadastramento biom\u00e9trico no cart\u00f3rio eleitoral mais pr\u00f3ximo. Ap\u00f3s esse procedimento, a vers\u00e3o digital do t\u00edtulo eleitoral pode ser baixada no aplicativo e-T\u00edtulo, dispon\u00edvel para&nbsp;<em>smartphones<\/em>&nbsp;e&nbsp;<em>tablets<\/em>.<\/p>\n\n\n\n<h2 class=\"wp-block-heading\">O voto<\/h2>\n\n\n\n<p>Qualquer brasileira ou brasileiro acima de 16 anos tem o direito de votar e participar do processo de escolha de seus representantes. Para os menores de 18 anos, o voto \u00e9 facultativo, assim como para idosos com idade acima de 70 anos.<\/p>\n\n\n\n<p>Vale lembrar que adolescentes de 15 anos que completam 16 anos at\u00e9 6 de outubro, a data do primeiro turno das elei\u00e7\u00f5es deste ano, j\u00e1 podem solicitar a primeira via do t\u00edtulo. Ao completar 18 anos, o alistamento eleitoral \u00e9 obrigat\u00f3rio e, se n\u00e3o tiver o t\u00edtulo ou n\u00e3o comparecer \u00e0s urnas, o cidad\u00e3o pode ter problemas para emitir outros documentos, como passaporte, CPF, e at\u00e9 mesmo para se matricular em institui\u00e7\u00f5es de ensino.<\/p>\n\n\n\n<p>A&nbsp;<a href=\"https:\/\/www.justicaeleitoral.jus.br\/jovem-eleitor\/\" target=\"_blank\" rel=\"noreferrer noopener\">justi\u00e7a eleitoral<\/a>&nbsp;tem um&nbsp;<em>site<\/em>&nbsp;dedicado ao jovem eleitor para esclarecer d\u00favidas e incentivar o exerc\u00edcio da cidadania por meio do voto.<\/p>\n\n\n\n<p><strong><em><strong><em><strong><em><strong><em><strong>Siga nossas redes sociais no\u00a0<a href=\"https:\/\/www.instagram.com\/ronipaparazzi\/\">Instagram\u00a0<\/a>e\u00a0<a href=\"https:\/\/www.facebook.com\/ronipaparazzicomvoce\">Facebook<\/a>\u00a0participe da nossa comunidade do Canal Roni Paparazzi no Whatsapp e receba as principais not\u00edcias do dia direto no seu celular.<\/strong>\u00a0<a href=\"https:\/\/chat.whatsapp.com\/GsG1XKo0jPOEfjzudWQcml\" target=\"_blank\" rel=\"noreferrer noopener\">\u00a0Clique aqui e se inscreva.<\/a><\/em><\/strong><\/em><\/strong><\/em><\/strong><\/em><\/strong><\/p>\n","protected":false},"excerpt":{"rendered":"<p>Jovens de 16 a 18 anos que querem participar das elei\u00e7\u00f5es municipais deste ano t\u00eam at\u00e9 8 de maio para tirar o t\u00edtulo eleitoral, que habilita o cidad\u00e3o ou a cidad\u00e3 a exercer o direito do voto. Em outubro, as elei\u00e7\u00f5es ser\u00e3o para escolher os representantes que ocupar\u00e3o pelos pr\u00f3ximos quatro anos os cargos de &hellip;<\/p>\n","protected":false},"author":1,"featured_media":8955,"comment_status":"open","ping_status":"open","sticky":false,"template":"","format":"standard","meta":{"_jetpack_memberships_contains_paid_content":false,"footnotes":"","jetpack_publicize_message":"","jetpack_publicize_feature_enabled":true,"jetpack_social_post_already_shared":false,"jetpack_social_options":{"image_generator_settings":{"template":"highway","default_image_id":0,"enabled":false},"version":2}},"categories":[7],"tags":[],"class_list":["post-8954","post","type-post","status-publish","format-standard","has-post-thumbnail","hentry","category-politica"],"jetpack_publicize_connections":[],"jetpack_featured_media_url":"https:\/\/i0.wp.com\/www.paparazzinews.com.br\/wp-content\/uploads\/2024\/04\/5248eaa8-edf8-4086-9025-d3ce3e5b4bed.jpg?fit=1170%2C700&ssl=1","views":"1375","jetpack_likes_enabled":true,"jetpack_sharing_enabled":true,"_links":{"self":[{"href":"https:\/\/www.paparazzinews.com.br\/index.php?rest_route=\/wp\/v2\/posts\/8954","targetHints":{"allow":["GET"]}}],"collection":[{"href":"https:\/\/www.paparazzinews.com.br\/index.php?rest_route=\/wp\/v2\/posts"}],"about":[{"href":"https:\/\/www.paparazzinews.com.br\/index.php?rest_route=\/wp\/v2\/types\/post"}],"author":[{"embeddable":true,"href":"https:\/\/www.paparazzinews.com.br\/index.php?rest_route=\/wp\/v2\/users\/1"}],"replies":[{"embeddable":true,"href":"https:\/\/www.paparazzinews.com.br\/index.php?rest_route=%2Fwp%2Fv2%2Fcomments&post=8954"}],"version-history":[{"count":1,"href":"https:\/\/www.paparazzinews.com.br\/index.php?rest_route=\/wp\/v2\/posts\/8954\/revisions"}],"predecessor-version":[{"id":8956,"href":"https:\/\/www.paparazzinews.com.br\/index.php?rest_route=\/wp\/v2\/posts\/8954\/revisions\/8956"}],"wp:featuredmedia":[{"embeddable":true,"href":"https:\/\/www.paparazzinews.com.br\/index.php?rest_route=\/wp\/v2\/media\/8955"}],"wp:attachment":[{"href":"https:\/\/www.paparazzinews.com.br\/index.php?rest_route=%2Fwp%2Fv2%2Fmedia&parent=8954"}],"wp:term":[{"taxonomy":"category","embeddable":true,"href":"https:\/\/www.paparazzinews.com.br\/index.php?rest_route=%2Fwp%2Fv2%2Fcategories&post=8954"},{"taxonomy":"post_tag","embeddable":true,"href":"https:\/\/www.paparazzinews.com.br\/index.php?rest_route=%2Fwp%2Fv2%2Ftags&post=8954"}],"curies":[{"name":"wp","href":"https:\/\/api.w.org\/{rel}","templated":true}]}}