{"id":8900,"date":"2024-03-27T12:53:02","date_gmt":"2024-03-27T15:53:02","guid":{"rendered":"https:\/\/www.paparazzinews.com.br\/?p=8900"},"modified":"2024-03-27T12:53:03","modified_gmt":"2024-03-27T15:53:03","slug":"infracao-prf-inicia-operacao-semana-santa-com-foco-no-risco-do-uso-de-celular-ao-volante","status":"publish","type":"post","link":"https:\/\/www.paparazzinews.com.br\/?p=8900","title":{"rendered":"INFRA\u00c7\u00c3O: PRF inicia Opera\u00e7\u00e3o Semana Santa com foco no risco do uso de celular ao volante"},"content":{"rendered":"\n<p>A Pol\u00edcia Rodovi\u00e1ria Federal (PRF) inicia nesta quinta-feira (28), a Opera\u00e7\u00e3o Semana Santa. At\u00e9 o pr\u00f3ximo domingo (31), a PRF vai refor\u00e7ar a fiscaliza\u00e7\u00e3o nas rodovias federais das cinco regi\u00f5es do pa\u00eds, com foco em manter a seguran\u00e7a vi\u00e1ria, preven\u00e7\u00e3o de acidentes e fiscaliza\u00e7\u00e3o de condutas irregulares por parte dos motoristas.<\/p>\n\n\n\n<p>Entre as a\u00e7\u00f5es fiscalizadas pelos policiais est\u00e1 o uso de celular ao volante. A infra\u00e7\u00e3o, cuja penalidade prevista no C\u00f3digo de Tr\u00e2nsito Brasileiro \u00e9 grav\u00edssima quando segurando ou manuseando o aparelho, aumentou entre 2022 e 2023. Somadas, as infra\u00e7\u00f5es relacionadas ao uso do aparelho telef\u00f4nico na dire\u00e7\u00e3o de ve\u00edculos cresceram 9%. O \u00edndice passou de 42.594 flagrantes, em 2022, para 46.524 autua\u00e7\u00f5es, no ano passado.<br><br><br><img data-recalc-dims=\"1\" loading=\"lazy\" decoding=\"async\" height=\"398\" width=\"708\" src=\"https:\/\/i0.wp.com\/www.gov.br\/prf\/pt-br\/noticias\/nacionais\/WhatsAppImage20240326at16.13.26.jpeg\/%40%40images\/1fb4b776-5961-4127-afdf-5ebf8c652a56.jpeg?resize=708%2C398&#038;ssl=1\" alt=\"INFRA\u00c7\u00d5ES\"><strong>Infra\u00e7\u00f5es<\/strong><\/p>\n\n\n\n<p>O uso de telefone celular foi a principal causa de 128 sinistros, em 2023. Em rela\u00e7\u00e3o ao ano anterior, houve aumento de 6% na estat\u00edstica. Em 2022, foram registrados 121 sinistros provocados pelo uso do aparelho ao volante, nas rodovias federais.<\/p>\n\n\n\n<p>A falta de rea\u00e7\u00e3o, tardia ou ineficiente de motoristas &#8211; outras causas principais de sinistros &#8211; tamb\u00e9m podem ter influ\u00eancia do uso do aparelho pelos motoristas. Ao manusear ou falar ao telefone, os condutores reduzem a aten\u00e7\u00e3o ao tr\u00e2nsito e podem provocar sinistros.<img data-recalc-dims=\"1\" loading=\"lazy\" decoding=\"async\" height=\"398\" width=\"708\" src=\"https:\/\/i0.wp.com\/www.gov.br\/prf\/pt-br\/noticias\/nacionais\/WhatsAppImage20240326at16.13.27.jpeg\/%40%40images\/697ce9c4-3448-4a19-a9bb-19f7cde41988.jpeg?resize=708%2C398&#038;ssl=1\" alt=\"SINISTROS\"><strong>Sinistros<\/strong><img data-recalc-dims=\"1\" loading=\"lazy\" decoding=\"async\" height=\"303\" width=\"708\" src=\"https:\/\/i0.wp.com\/www.gov.br\/prf\/pt-br\/noticias\/nacionais\/WhatsAppImage20240326at16.13.271.jpeg\/%40%40images\/1748f08c-8875-40fb-8c9a-211b953943e5.jpeg?resize=708%2C303&#038;ssl=1\" alt=\"SINISTROS, FERIDOS E MORTES\"><strong>Sinistros, feridos e mortes<\/strong><\/p>\n\n\n\n<p>No per\u00edodo da Opera\u00e7\u00e3o Semana Santa, a PRF tamb\u00e9m intensifica a fiscaliza\u00e7\u00e3o de outras condutas irregulares que podem representar riscos a quem passa pelas rodovias. Entre elas, est\u00e3o o excesso de velocidade, as ultrapassagens indevidas, o consumo de \u00e1lcool antes de dirigir e a falta de itens obrigat\u00f3rios de seguran\u00e7a, como o cinto e os dispositivos de reten\u00e7\u00e3o de crian\u00e7as, conhecidos popularmente como cadeirinhas. Os policiais mant\u00eam o combate \u00e0 criminalidade, com apreens\u00f5es de drogas, armas e demais materiais il\u00edcitos.<\/p>\n\n\n\n<p><strong>Dicas para viajar em seguran\u00e7a:<\/strong><\/p>\n\n\n\n<p>-Fa\u00e7a a revis\u00e3o do ve\u00edculo<br><br>-Confira as condi\u00e7\u00f5es clim\u00e1ticas no trajeto<br><br>-Utilize e pe\u00e7a que todos os ocupantes do ve\u00edculo utilizem o cinto de seguran\u00e7a -Respeite as normas de tr\u00e2nsito e a sinaliza\u00e7\u00e3o nas rodovias<br><br>-N\u00e3o beba antes de dirigir<br><br>-N\u00e3o use o celular ao volante<\/p>\n\n\n\n<p><br><strong><em><strong><em><strong><em><strong><em><strong>Siga nossas redes sociais no\u00a0<a href=\"https:\/\/www.instagram.com\/ronipaparazzi\/\">Instagram\u00a0<\/a>e\u00a0<a href=\"https:\/\/www.facebook.com\/ronipaparazzicomvoce\">Facebook<\/a>\u00a0participe da nossa comunidade do Canal Roni Paparazzi no Whatsapp e receba as principais not\u00edcias do dia direto no seu celular.<\/strong>\u00a0<a href=\"https:\/\/chat.whatsapp.com\/GsG1XKo0jPOEfjzudWQcml\" target=\"_blank\" rel=\"noreferrer noopener\">\u00a0Clique aqui e se inscreva.<\/a><\/em><\/strong><\/em><\/strong><\/em><\/strong><\/em><\/strong><\/p>\n","protected":false},"excerpt":{"rendered":"<p>A Pol\u00edcia Rodovi\u00e1ria Federal (PRF) inicia nesta quinta-feira (28), a Opera\u00e7\u00e3o Semana Santa. At\u00e9 o pr\u00f3ximo domingo (31), a PRF vai refor\u00e7ar a fiscaliza\u00e7\u00e3o nas rodovias federais das cinco regi\u00f5es do pa\u00eds, com foco em manter a seguran\u00e7a vi\u00e1ria, preven\u00e7\u00e3o de acidentes e fiscaliza\u00e7\u00e3o de condutas irregulares por parte dos motoristas. Entre as a\u00e7\u00f5es fiscalizadas &hellip;<\/p>\n","protected":false},"author":1,"featured_media":8901,"comment_status":"open","ping_status":"open","sticky":false,"template":"","format":"standard","meta":{"_jetpack_memberships_contains_paid_content":false,"footnotes":"","jetpack_publicize_message":"","jetpack_publicize_feature_enabled":true,"jetpack_social_post_already_shared":false,"jetpack_social_options":{"image_generator_settings":{"template":"highway","default_image_id":0,"enabled":false},"version":2}},"categories":[3],"tags":[],"class_list":["post-8900","post","type-post","status-publish","format-standard","has-post-thumbnail","hentry","category-policial"],"jetpack_publicize_connections":[],"jetpack_featured_media_url":"https:\/\/i0.wp.com\/www.paparazzinews.com.br\/wp-content\/uploads\/2024\/03\/506e748f-0933-4908-b4db-a2b64cc98633.jpeg?fit=768%2C432&ssl=1","views":"2662","jetpack_likes_enabled":true,"jetpack_sharing_enabled":true,"_links":{"self":[{"href":"https:\/\/www.paparazzinews.com.br\/index.php?rest_route=\/wp\/v2\/posts\/8900","targetHints":{"allow":["GET"]}}],"collection":[{"href":"https:\/\/www.paparazzinews.com.br\/index.php?rest_route=\/wp\/v2\/posts"}],"about":[{"href":"https:\/\/www.paparazzinews.com.br\/index.php?rest_route=\/wp\/v2\/types\/post"}],"author":[{"embeddable":true,"href":"https:\/\/www.paparazzinews.com.br\/index.php?rest_route=\/wp\/v2\/users\/1"}],"replies":[{"embeddable":true,"href":"https:\/\/www.paparazzinews.com.br\/index.php?rest_route=%2Fwp%2Fv2%2Fcomments&post=8900"}],"version-history":[{"count":1,"href":"https:\/\/www.paparazzinews.com.br\/index.php?rest_route=\/wp\/v2\/posts\/8900\/revisions"}],"predecessor-version":[{"id":8902,"href":"https:\/\/www.paparazzinews.com.br\/index.php?rest_route=\/wp\/v2\/posts\/8900\/revisions\/8902"}],"wp:featuredmedia":[{"embeddable":true,"href":"https:\/\/www.paparazzinews.com.br\/index.php?rest_route=\/wp\/v2\/media\/8901"}],"wp:attachment":[{"href":"https:\/\/www.paparazzinews.com.br\/index.php?rest_route=%2Fwp%2Fv2%2Fmedia&parent=8900"}],"wp:term":[{"taxonomy":"category","embeddable":true,"href":"https:\/\/www.paparazzinews.com.br\/index.php?rest_route=%2Fwp%2Fv2%2Fcategories&post=8900"},{"taxonomy":"post_tag","embeddable":true,"href":"https:\/\/www.paparazzinews.com.br\/index.php?rest_route=%2Fwp%2Fv2%2Ftags&post=8900"}],"curies":[{"name":"wp","href":"https:\/\/api.w.org\/{rel}","templated":true}]}}