{"id":8878,"date":"2024-03-27T12:22:01","date_gmt":"2024-03-27T15:22:01","guid":{"rendered":"https:\/\/www.paparazzinews.com.br\/?p=8878"},"modified":"2024-03-27T12:22:02","modified_gmt":"2024-03-27T15:22:02","slug":"covardia-adolescente-autista-e-agredida-por-alunas-em-escola","status":"publish","type":"post","link":"https:\/\/www.paparazzinews.com.br\/?p=8878","title":{"rendered":"COVARDIA: Adolescente autista \u00e9 agredida por alunas em escola\u00a0"},"content":{"rendered":"\n<p>O v\u00eddeo de uma adolescente de 15 anos sendo agredida por duas garotas no p\u00e1tio de uma escola estadual em Glic\u00e9rio, na regi\u00e3o de Ara\u00e7atuba (SP) tem gerado como\u00e7\u00e3o e revolta nos grupos de WhatsApp. A agress\u00e3o foi registrada na manh\u00e3 da \u00faltima\u00a0ter\u00e7a-feira (26\/3). A informa\u00e7\u00e3o \u00e9 do Sbtinterior.<\/p>\n\n\n\n<p>De acordo o boletim de ocorr\u00eancia, a v\u00edtima tem retardo mental moderado e autismo de grau 2. O pai da aluna foi chamado na unidade porque a filha teria se envolvido em uma briga; no registro policial ele afirmou que duas estudantes estavam nervosas e xingando a garota. Depois, o pai notou que a filha tinha escoria\u00e7\u00f5es na regi\u00e3o das costas, quadril, cotovelo, cabe\u00e7a e abaixo dos seios.<\/p>\n\n\n\n<p>O homem ainda explicou que conversou com a v\u00edtima e a questionou sobre o que havia ocorrido, mas a filha ficou em sil\u00eancio. Na delegacia da Pol\u00edcia Civil, ele manifestou o direito de representar contra as adolescentes agressoras.<\/p>\n\n\n\n<p>Uma outra briga momentos antes, envolvendo outros alunos, tamb\u00e9m foi registrada na escola.<\/p>\n\n\n\n<p><strong>Com a palavra, a Secretaria da Educa\u00e7\u00e3o do Estado de SP:<\/strong><\/p>\n\n\n\n<p><em>&#8220;A Seduc-SP repudia toda e qualquer forma de viol\u00eancia e lamenta o caso. Assim que identificado o epis\u00f3dio durante o intervalo, tr\u00eas funcion\u00e1rias que acompanhavam a movimenta\u00e7\u00e3o dos alunos apartaram o conflito. Os respons\u00e1veis foram imediatamente chamados e o conselho escolar definiu que as estudantes acompanhem as aulas remotamente nesta semana.&nbsp;<\/em><\/p>\n\n\n\n<p><em>Um encontro da aluna v\u00edtima com profissional do Psic\u00f3logos nas Escolas est\u00e1 agendado para amanh\u00e3 (27). A equipe do Programa de Melhoria da Conviv\u00eancia e Prote\u00e7\u00e3o Escolar (Conviva SP) acompanha o caso e ir\u00e1 implementar estrat\u00e9gias de conscientiza\u00e7\u00e3o sobre conflitos e cultura de paz na unidade escolar. A Ronda Escolar e o Conselho Tutelar tamb\u00e9m foram acionados. A Diretoria de Ensino de Birigui designou um supervisor para apurar a conduta dos servidores no caso.&#8221;<\/em><\/p>\n\n\n\n<p><strong><em><strong><em><strong><em><strong><em><strong>Siga nossas redes sociais no\u00a0<a href=\"https:\/\/www.instagram.com\/ronipaparazzi\/\">Instagram\u00a0<\/a>e\u00a0<a href=\"https:\/\/www.facebook.com\/ronipaparazzicomvoce\">Facebook<\/a>\u00a0participe da nossa comunidade do Canal Roni Paparazzi no Whatsapp e receba as principais not\u00edcias do dia direto no seu celular.<\/strong>\u00a0<a href=\"https:\/\/chat.whatsapp.com\/GsG1XKo0jPOEfjzudWQcml\" target=\"_blank\" rel=\"noreferrer noopener\">\u00a0Clique aqui e se inscreva.<\/a><\/em><\/strong><\/em><\/strong><\/em><\/strong><\/em><\/strong><\/p>\n","protected":false},"excerpt":{"rendered":"<p>O v\u00eddeo de uma adolescente de 15 anos sendo agredida por duas garotas no p\u00e1tio de uma escola estadual em Glic\u00e9rio, na regi\u00e3o de Ara\u00e7atuba (SP) tem gerado como\u00e7\u00e3o e revolta nos grupos de WhatsApp. A agress\u00e3o foi registrada na manh\u00e3 da \u00faltima\u00a0ter\u00e7a-feira (26\/3). A informa\u00e7\u00e3o \u00e9 do Sbtinterior. De acordo o boletim de ocorr\u00eancia, &hellip;<\/p>\n","protected":false},"author":1,"featured_media":8880,"comment_status":"open","ping_status":"open","sticky":false,"template":"","format":"standard","meta":{"_jetpack_memberships_contains_paid_content":false,"footnotes":"","jetpack_publicize_message":"","jetpack_publicize_feature_enabled":true,"jetpack_social_post_already_shared":false,"jetpack_social_options":{"image_generator_settings":{"template":"highway","default_image_id":0,"enabled":false},"version":2}},"categories":[3],"tags":[],"class_list":["post-8878","post","type-post","status-publish","format-standard","has-post-thumbnail","hentry","category-policial"],"jetpack_publicize_connections":[],"jetpack_featured_media_url":"https:\/\/i0.wp.com\/www.paparazzinews.com.br\/wp-content\/uploads\/2024\/03\/adolescente-autista-e-agredida-por-alunas-em-escola-no-interior-de-sp-260324_054346.jpg?fit=698%2C400&ssl=1","views":"1654","jetpack_likes_enabled":true,"jetpack_sharing_enabled":true,"_links":{"self":[{"href":"https:\/\/www.paparazzinews.com.br\/index.php?rest_route=\/wp\/v2\/posts\/8878","targetHints":{"allow":["GET"]}}],"collection":[{"href":"https:\/\/www.paparazzinews.com.br\/index.php?rest_route=\/wp\/v2\/posts"}],"about":[{"href":"https:\/\/www.paparazzinews.com.br\/index.php?rest_route=\/wp\/v2\/types\/post"}],"author":[{"embeddable":true,"href":"https:\/\/www.paparazzinews.com.br\/index.php?rest_route=\/wp\/v2\/users\/1"}],"replies":[{"embeddable":true,"href":"https:\/\/www.paparazzinews.com.br\/index.php?rest_route=%2Fwp%2Fv2%2Fcomments&post=8878"}],"version-history":[{"count":1,"href":"https:\/\/www.paparazzinews.com.br\/index.php?rest_route=\/wp\/v2\/posts\/8878\/revisions"}],"predecessor-version":[{"id":8881,"href":"https:\/\/www.paparazzinews.com.br\/index.php?rest_route=\/wp\/v2\/posts\/8878\/revisions\/8881"}],"wp:featuredmedia":[{"embeddable":true,"href":"https:\/\/www.paparazzinews.com.br\/index.php?rest_route=\/wp\/v2\/media\/8880"}],"wp:attachment":[{"href":"https:\/\/www.paparazzinews.com.br\/index.php?rest_route=%2Fwp%2Fv2%2Fmedia&parent=8878"}],"wp:term":[{"taxonomy":"category","embeddable":true,"href":"https:\/\/www.paparazzinews.com.br\/index.php?rest_route=%2Fwp%2Fv2%2Fcategories&post=8878"},{"taxonomy":"post_tag","embeddable":true,"href":"https:\/\/www.paparazzinews.com.br\/index.php?rest_route=%2Fwp%2Fv2%2Ftags&post=8878"}],"curies":[{"name":"wp","href":"https:\/\/api.w.org\/{rel}","templated":true}]}}