{"id":885,"date":"2022-09-30T18:11:16","date_gmt":"2022-09-30T21:11:16","guid":{"rendered":"https:\/\/www.paparazzinews.com.br\/?p=885"},"modified":"2022-09-30T18:11:18","modified_gmt":"2022-09-30T21:11:18","slug":"saude-de-andradina-antecipa-comemoracao-do-dia-do-idoso","status":"publish","type":"post","link":"https:\/\/www.paparazzinews.com.br\/?p=885","title":{"rendered":"Sa\u00fade de Andradina antecipa comemora\u00e7\u00e3o do Dia do Idoso"},"content":{"rendered":"\n<p>A Secretaria de Sa\u00fade de Andradina antecipou as comemora\u00e7\u00f5es do Dia Mundial do Idoso (1 de outubro) para a \u00faltima quinta-feira (29) com atividades envolvendo todos os projetos sociais. <\/p>\n\n\n\n<p>A data tem como objetivo sensibilizar para o impacto do envelhecimento da popula\u00e7\u00e3o e para a necessidade de garantir que as pessoas possam envelhecer com dignidade e continuar a participar na sociedade como cidad\u00e3os de plenos direitos. Realizado no Cecam, o evento reuniu atividades f\u00edsicas al\u00e9m de aferi\u00e7\u00e3o da press\u00e3o arterial, glicemia e apresenta\u00e7\u00f5es art\u00edsticas.<\/p>\n\n\n\n<p><br>\u201cPrecisamos dar sempre aten\u00e7\u00e3o a popula\u00e7\u00e3o idosa, que vem crescendo e necessita de pol\u00edticas p\u00fablicas para que tenham sempre uma melhor qualidade de vida\u201d, comentou o secret\u00e1rio de Sa\u00fade Jo\u00e3o Leme.<br>A educadora da Sa\u00fade, Elo\u00e1 Pessoa, tamb\u00e9m participou do evento o qual considera um marco importante para refor\u00e7ar as pol\u00edticas em apoio da pessoa idosa na cidade.<\/p>\n","protected":false},"excerpt":{"rendered":"<p>A Secretaria de Sa\u00fade de Andradina antecipou as comemora\u00e7\u00f5es do Dia Mundial do Idoso (1 de outubro) para a \u00faltima quinta-feira (29) com atividades envolvendo todos os projetos sociais. A data tem como objetivo sensibilizar para o impacto do envelhecimento da popula\u00e7\u00e3o e para a necessidade de garantir que as pessoas possam envelhecer com dignidade &hellip;<\/p>\n","protected":false},"author":1,"featured_media":886,"comment_status":"open","ping_status":"open","sticky":false,"template":"","format":"standard","meta":{"_jetpack_memberships_contains_paid_content":false,"footnotes":"","jetpack_publicize_message":"","jetpack_publicize_feature_enabled":true,"jetpack_social_post_already_shared":false,"jetpack_social_options":{"image_generator_settings":{"template":"highway","default_image_id":0,"enabled":false},"version":2}},"categories":[4],"tags":[],"class_list":["post-885","post","type-post","status-publish","format-standard","has-post-thumbnail","hentry","category-regiao"],"jetpack_publicize_connections":[],"jetpack_featured_media_url":"https:\/\/i0.wp.com\/www.paparazzinews.com.br\/wp-content\/uploads\/2022\/09\/7dae2712-6398-418a-8c53-bc768b7acf5c-e1664572266998.jpg?fit=1000%2C666&ssl=1","views":"2988","jetpack_likes_enabled":true,"jetpack_sharing_enabled":true,"_links":{"self":[{"href":"https:\/\/www.paparazzinews.com.br\/index.php?rest_route=\/wp\/v2\/posts\/885","targetHints":{"allow":["GET"]}}],"collection":[{"href":"https:\/\/www.paparazzinews.com.br\/index.php?rest_route=\/wp\/v2\/posts"}],"about":[{"href":"https:\/\/www.paparazzinews.com.br\/index.php?rest_route=\/wp\/v2\/types\/post"}],"author":[{"embeddable":true,"href":"https:\/\/www.paparazzinews.com.br\/index.php?rest_route=\/wp\/v2\/users\/1"}],"replies":[{"embeddable":true,"href":"https:\/\/www.paparazzinews.com.br\/index.php?rest_route=%2Fwp%2Fv2%2Fcomments&post=885"}],"version-history":[{"count":1,"href":"https:\/\/www.paparazzinews.com.br\/index.php?rest_route=\/wp\/v2\/posts\/885\/revisions"}],"predecessor-version":[{"id":887,"href":"https:\/\/www.paparazzinews.com.br\/index.php?rest_route=\/wp\/v2\/posts\/885\/revisions\/887"}],"wp:featuredmedia":[{"embeddable":true,"href":"https:\/\/www.paparazzinews.com.br\/index.php?rest_route=\/wp\/v2\/media\/886"}],"wp:attachment":[{"href":"https:\/\/www.paparazzinews.com.br\/index.php?rest_route=%2Fwp%2Fv2%2Fmedia&parent=885"}],"wp:term":[{"taxonomy":"category","embeddable":true,"href":"https:\/\/www.paparazzinews.com.br\/index.php?rest_route=%2Fwp%2Fv2%2Fcategories&post=885"},{"taxonomy":"post_tag","embeddable":true,"href":"https:\/\/www.paparazzinews.com.br\/index.php?rest_route=%2Fwp%2Fv2%2Ftags&post=885"}],"curies":[{"name":"wp","href":"https:\/\/api.w.org\/{rel}","templated":true}]}}