{"id":8827,"date":"2024-03-25T15:54:47","date_gmt":"2024-03-25T18:54:47","guid":{"rendered":"https:\/\/www.paparazzinews.com.br\/?p=8827"},"modified":"2024-03-25T15:54:48","modified_gmt":"2024-03-25T18:54:48","slug":"em-fuga-presidiario-morre-ao-trocar-tiros-com-a-policia","status":"publish","type":"post","link":"https:\/\/www.paparazzinews.com.br\/?p=8827","title":{"rendered":"EM FUGA: Presidi\u00e1rio morre ao trocar tiros com a pol\u00edcia"},"content":{"rendered":"\n<p>Um homem de 29 anos morreu durante uma troca de tiros com a Pol\u00edcia Militar, na noite do \u00faltimo domingo (24\/3), no Parque Residencial das Laranjeiras, em S\u00e3o Jos\u00e9 do Rio Preto (SP). A informa\u00e7\u00e3o \u00e9 do Sbtinterior.<br><br>Segundo informa\u00e7\u00f5es do boletim de ocorr\u00eancia, Rom\u00e1rio Monteiro do Nascimento fazia parte do sistema penitenci\u00e1rio e cumpria pena em regime aberto desde janeiro deste ano. Ele dirigia um carro com mais tr\u00eas homens, que despertaram suspeitas nos policiais, que faziam o acompanhamento por meio da patrulha. Os ocupantes foram desembarcando ao longo do trajeto.<\/p>\n\n\n\n<p>Em certo momento, ainda de acordo com a pol\u00edcia, Rom\u00e1rio deixou o volante e desceu do ve\u00edculo correndo e entrou em um matagal. Os PMs o seguiram e foram surpreendidos por ele, que estava armado com um rev\u00f3lver e atirou. Os militares reagiram e dispararam.<\/p>\n\n\n\n<p>Uma ambul\u00e2ncia do Servi\u00e7o de Atendimento M\u00f3vel de Urg\u00eancia (SAMU) foi chamado; mas Rom\u00e1rio n\u00e3o resistiu e morreu no local.<\/p>\n\n\n\n<p>A equipe do N\u00facleo do Instituto de Criminal\u00edsticas foi chamada para realizar um exame de levantamento da \u00e1rea do crime. Uma equipe periciou a \u00e1rea.<\/p>\n\n\n\n<p>A arma dos policiais militares e do criminoso foram apreendidas e ser\u00e3o analisadas. O ve\u00edculo foi removido e encaminhado ao p\u00e1tio.<\/p>\n\n\n\n<p><strong><em><strong><em><strong><em><strong><em><strong>Siga nossas redes sociais no\u00a0<a href=\"https:\/\/www.instagram.com\/ronipaparazzi\/\">Instagram\u00a0<\/a>e\u00a0<a href=\"https:\/\/www.facebook.com\/ronipaparazzicomvoce\">Facebook<\/a>\u00a0participe da nossa comunidade do Canal Roni Paparazzi no Whatsapp e receba as principais not\u00edcias do dia direto no seu celular.<\/strong>\u00a0<a href=\"https:\/\/chat.whatsapp.com\/GsG1XKo0jPOEfjzudWQcml\" target=\"_blank\" rel=\"noreferrer noopener\">\u00a0Clique aqui e se inscreva.<\/a><\/em><\/strong><\/em><\/strong><\/em><\/strong><\/em><\/strong><\/p>\n","protected":false},"excerpt":{"rendered":"<p>Um homem de 29 anos morreu durante uma troca de tiros com a Pol\u00edcia Militar, na noite do \u00faltimo domingo (24\/3), no Parque Residencial das Laranjeiras, em S\u00e3o Jos\u00e9 do Rio Preto (SP). A informa\u00e7\u00e3o \u00e9 do Sbtinterior.Segundo informa\u00e7\u00f5es do boletim de ocorr\u00eancia, Rom\u00e1rio Monteiro do Nascimento fazia parte do sistema penitenci\u00e1rio e cumpria pena &hellip;<\/p>\n","protected":false},"author":1,"featured_media":8785,"comment_status":"open","ping_status":"open","sticky":false,"template":"","format":"standard","meta":{"_jetpack_memberships_contains_paid_content":false,"footnotes":"","jetpack_publicize_message":"","jetpack_publicize_feature_enabled":true,"jetpack_social_post_already_shared":false,"jetpack_social_options":{"image_generator_settings":{"template":"highway","default_image_id":0,"enabled":false},"version":2}},"categories":[3],"tags":[],"class_list":["post-8827","post","type-post","status-publish","format-standard","has-post-thumbnail","hentry","category-policial"],"jetpack_publicize_connections":[],"jetpack_featured_media_url":"https:\/\/i0.wp.com\/www.paparazzinews.com.br\/wp-content\/uploads\/2024\/03\/WhatsApp-Image-2024-03-03-at-17.08.15.jpg?fit=320%2C222&ssl=1","views":"1654","jetpack_likes_enabled":true,"jetpack_sharing_enabled":true,"_links":{"self":[{"href":"https:\/\/www.paparazzinews.com.br\/index.php?rest_route=\/wp\/v2\/posts\/8827","targetHints":{"allow":["GET"]}}],"collection":[{"href":"https:\/\/www.paparazzinews.com.br\/index.php?rest_route=\/wp\/v2\/posts"}],"about":[{"href":"https:\/\/www.paparazzinews.com.br\/index.php?rest_route=\/wp\/v2\/types\/post"}],"author":[{"embeddable":true,"href":"https:\/\/www.paparazzinews.com.br\/index.php?rest_route=\/wp\/v2\/users\/1"}],"replies":[{"embeddable":true,"href":"https:\/\/www.paparazzinews.com.br\/index.php?rest_route=%2Fwp%2Fv2%2Fcomments&post=8827"}],"version-history":[{"count":1,"href":"https:\/\/www.paparazzinews.com.br\/index.php?rest_route=\/wp\/v2\/posts\/8827\/revisions"}],"predecessor-version":[{"id":8828,"href":"https:\/\/www.paparazzinews.com.br\/index.php?rest_route=\/wp\/v2\/posts\/8827\/revisions\/8828"}],"wp:featuredmedia":[{"embeddable":true,"href":"https:\/\/www.paparazzinews.com.br\/index.php?rest_route=\/wp\/v2\/media\/8785"}],"wp:attachment":[{"href":"https:\/\/www.paparazzinews.com.br\/index.php?rest_route=%2Fwp%2Fv2%2Fmedia&parent=8827"}],"wp:term":[{"taxonomy":"category","embeddable":true,"href":"https:\/\/www.paparazzinews.com.br\/index.php?rest_route=%2Fwp%2Fv2%2Fcategories&post=8827"},{"taxonomy":"post_tag","embeddable":true,"href":"https:\/\/www.paparazzinews.com.br\/index.php?rest_route=%2Fwp%2Fv2%2Ftags&post=8827"}],"curies":[{"name":"wp","href":"https:\/\/api.w.org\/{rel}","templated":true}]}}