{"id":8814,"date":"2024-03-25T15:09:07","date_gmt":"2024-03-25T18:09:07","guid":{"rendered":"https:\/\/www.paparazzinews.com.br\/?p=8814"},"modified":"2024-03-25T15:09:08","modified_gmt":"2024-03-25T18:09:08","slug":"estacionamento-caro-idoso-mata-homem-com-facada-na-barriga-apos-briga-por-vaga-de-carro","status":"publish","type":"post","link":"https:\/\/www.paparazzinews.com.br\/?p=8814","title":{"rendered":"ESTACIONAMENTO CARO: Idoso mata homem com facada na barriga ap\u00f3s briga por vaga de carro"},"content":{"rendered":"\n<p>Um homem de 43\u00a0anos morreu esfaqueado depois de uma discuss\u00e3o por causa de uma vaga para carro, na tarde desta quinta-feira (21\/3), na Vila Santa Cruz, em S\u00e3o Jos\u00e9 do Rio Preto, no interior de SP. A informa\u00e7\u00e3o \u00e9 do Sbtinterior.<\/p>\n\n\n\n<p>O autor do crime \u00e9 um idoso de 67&nbsp;anos, que foi preso em flagrante. De acordo com a PM, ele e a v\u00edtima, Andr\u00e9 Lu\u00eds Silva,&nbsp;mantinham uma desaven\u00e7a h\u00e1 meses por causa da vaga, que fica na frente da garagem do aposentado.<\/p>\n\n\n\n<p>Hoje, ele pegou um canivete&nbsp;e atingiu a barriga da v\u00edtima, que n\u00e3o resistiu e morreu no local, em frente ao escrit\u00f3rio em que trabalhava.<\/p>\n\n\n\n<p>O idoso foi encaminhado para a Central de Flagrantes e ser\u00e1 ouvido pelo delegado plantonista da Pol\u00edcia Civil; depois ele dever\u00e1 ser encaminhado para a carceragem da Divis\u00e3o Especializada em Investiga\u00e7\u00f5es Criminais (DEIC).<\/p>\n\n\n\n<p><strong><em><strong><em><strong><em><strong><em><strong>Siga nossas redes sociais no\u00a0<a href=\"https:\/\/www.instagram.com\/ronipaparazzi\/\">Instagram\u00a0<\/a>e\u00a0<a href=\"https:\/\/www.facebook.com\/ronipaparazzicomvoce\">Facebook<\/a>\u00a0participe da nossa comunidade do Canal Roni Paparazzi no Whatsapp e receba as principais not\u00edcias do dia direto no seu celular.<\/strong>\u00a0<a href=\"https:\/\/chat.whatsapp.com\/GsG1XKo0jPOEfjzudWQcml\" target=\"_blank\" rel=\"noreferrer noopener\">\u00a0Clique aqui e se inscreva.<\/a><\/em><\/strong><\/em><\/strong><\/em><\/strong><\/em><\/strong><\/p>\n","protected":false},"excerpt":{"rendered":"<p>Um homem de 43\u00a0anos morreu esfaqueado depois de uma discuss\u00e3o por causa de uma vaga para carro, na tarde desta quinta-feira (21\/3), na Vila Santa Cruz, em S\u00e3o Jos\u00e9 do Rio Preto, no interior de SP. A informa\u00e7\u00e3o \u00e9 do Sbtinterior. O autor do crime \u00e9 um idoso de 67&nbsp;anos, que foi preso em flagrante. &hellip;<\/p>\n","protected":false},"author":1,"featured_media":8815,"comment_status":"open","ping_status":"open","sticky":false,"template":"","format":"standard","meta":{"_jetpack_memberships_contains_paid_content":false,"footnotes":"","jetpack_publicize_message":"","jetpack_publicize_feature_enabled":true,"jetpack_social_post_already_shared":false,"jetpack_social_options":{"image_generator_settings":{"template":"highway","default_image_id":0,"enabled":false},"version":2}},"categories":[3],"tags":[],"class_list":["post-8814","post","type-post","status-publish","format-standard","has-post-thumbnail","hentry","category-policial"],"jetpack_publicize_connections":[],"jetpack_featured_media_url":"https:\/\/i0.wp.com\/www.paparazzinews.com.br\/wp-content\/uploads\/2024\/03\/homem-de-40-anos-e-morto-com-facada-por-causa-de-uma-vaga-para-carro-no-interior-de-sp-210324_044658.jpg?fit=688%2C400&ssl=1","views":"3448","jetpack_likes_enabled":true,"jetpack_sharing_enabled":true,"_links":{"self":[{"href":"https:\/\/www.paparazzinews.com.br\/index.php?rest_route=\/wp\/v2\/posts\/8814","targetHints":{"allow":["GET"]}}],"collection":[{"href":"https:\/\/www.paparazzinews.com.br\/index.php?rest_route=\/wp\/v2\/posts"}],"about":[{"href":"https:\/\/www.paparazzinews.com.br\/index.php?rest_route=\/wp\/v2\/types\/post"}],"author":[{"embeddable":true,"href":"https:\/\/www.paparazzinews.com.br\/index.php?rest_route=\/wp\/v2\/users\/1"}],"replies":[{"embeddable":true,"href":"https:\/\/www.paparazzinews.com.br\/index.php?rest_route=%2Fwp%2Fv2%2Fcomments&post=8814"}],"version-history":[{"count":1,"href":"https:\/\/www.paparazzinews.com.br\/index.php?rest_route=\/wp\/v2\/posts\/8814\/revisions"}],"predecessor-version":[{"id":8816,"href":"https:\/\/www.paparazzinews.com.br\/index.php?rest_route=\/wp\/v2\/posts\/8814\/revisions\/8816"}],"wp:featuredmedia":[{"embeddable":true,"href":"https:\/\/www.paparazzinews.com.br\/index.php?rest_route=\/wp\/v2\/media\/8815"}],"wp:attachment":[{"href":"https:\/\/www.paparazzinews.com.br\/index.php?rest_route=%2Fwp%2Fv2%2Fmedia&parent=8814"}],"wp:term":[{"taxonomy":"category","embeddable":true,"href":"https:\/\/www.paparazzinews.com.br\/index.php?rest_route=%2Fwp%2Fv2%2Fcategories&post=8814"},{"taxonomy":"post_tag","embeddable":true,"href":"https:\/\/www.paparazzinews.com.br\/index.php?rest_route=%2Fwp%2Fv2%2Ftags&post=8814"}],"curies":[{"name":"wp","href":"https:\/\/api.w.org\/{rel}","templated":true}]}}