{"id":8806,"date":"2024-03-21T19:16:16","date_gmt":"2024-03-21T22:16:16","guid":{"rendered":"https:\/\/www.paparazzinews.com.br\/?p=8806"},"modified":"2024-03-21T19:16:17","modified_gmt":"2024-03-21T22:16:17","slug":"medalha-shobukan-andradina-sagra-se-o-dojo-tetracampeao-estadual-consecutivo","status":"publish","type":"post","link":"https:\/\/www.paparazzinews.com.br\/?p=8806","title":{"rendered":"MEDALHA: Shobukan Andradina, sagra-se o DOJO TETRACAMPE\u00c3O ESTADUAL CONSECUTIVO"},"content":{"rendered":"\n<p>No \u00faltimo s\u00e1bado 16, foi realizado na cidade de Pederneiras\/SP, o 35\u00ba Campeonato Paulista de Karat\u00ea Tradicional. Evento que contou com a participa\u00e7\u00e3o de diversas cidades do estado e mais de 300 atletas, a cidade de Andradina, esteve representada por 50 atletas da academia Shobukan de karate, com idades entre 7 e 51 anos. <\/p>\n\n\n\n<p>As disputas ocorreram nas modalidades de Kata, Kumite(luta) e por equipes. As conquistas Andradinenses foram in\u00fameras, e na contagem geral das premia\u00e7\u00f5es a Shobukan mais uma vez levou o t\u00edtulo de CAMPE\u00c3O GERAL .<\/p>\n\n\n\n<p>Tal feito coroa a hegemonia do karat\u00ea andradinense dentro do estado, que nos \u00faltimos 3 anos venceu o Estadual da FPKT seguidamente, bem como o estadual JKA (outra escola que a academia \u00e9 filiada) e ainda obteve o t\u00edtulo de Dojo mais vencedor no campeonato Sul-Sudeste de 2023, este que re\u00fane academias dos estados do sul e sudeste do Brasil.<\/p>\n\n\n\n<p>Os Senseis Luiz Pedrosa J\u00fanior ( @junior.pedrosa_ ) e Sensei Gustavo Talavera ( @gu_talavera ) agradecem o apoio de todos os pais e respons\u00e1veis, figurados pela Associa\u00e7\u00e3o de pais e amigos do karate de Andradina ( APAKAN ) @apakan.andradina , que n\u00e3o medem esfor\u00e7os para a realiza\u00e7\u00e3o dos sonhos de seus filhos e tamb\u00e9m, parabenizam os atletas por todo o esfor\u00e7o e dedica\u00e7\u00e3o durante os treinamentos.<br>OSS!!!<\/p>\n\n\n\n<p><strong><em><strong><em><strong><em><strong><em><strong>Siga nossas redes sociais no&nbsp;<a href=\"https:\/\/www.instagram.com\/ronipaparazzi\/\">Instagram&nbsp;<\/a>e&nbsp;<a href=\"https:\/\/www.facebook.com\/ronipaparazzicomvoce\">Facebook<\/a>&nbsp;participe da nossa comunidade do Canal Roni Paparazzi no Whatsapp e receba as principais not\u00edcias do dia direto no seu celular.<\/strong>&nbsp;<a href=\"https:\/\/chat.whatsapp.com\/GsG1XKo0jPOEfjzudWQcml\" target=\"_blank\" rel=\"noreferrer noopener\">&nbsp;Clique aqui e se inscreva.<\/a><\/em><\/strong><\/em><\/strong><\/em><\/strong><\/em><\/strong><\/p>\n","protected":false},"excerpt":{"rendered":"<p>No \u00faltimo s\u00e1bado 16, foi realizado na cidade de Pederneiras\/SP, o 35\u00ba Campeonato Paulista de Karat\u00ea Tradicional. Evento que contou com a participa\u00e7\u00e3o de diversas cidades do estado e mais de 300 atletas, a cidade de Andradina, esteve representada por 50 atletas da academia Shobukan de karate, com idades entre 7 e 51 anos. As &hellip;<\/p>\n","protected":false},"author":1,"featured_media":8809,"comment_status":"open","ping_status":"open","sticky":false,"template":"","format":"standard","meta":{"_jetpack_memberships_contains_paid_content":false,"footnotes":"","jetpack_publicize_message":"","jetpack_publicize_feature_enabled":true,"jetpack_social_post_already_shared":false,"jetpack_social_options":{"image_generator_settings":{"template":"highway","default_image_id":0,"enabled":false},"version":2}},"categories":[6],"tags":[],"class_list":["post-8806","post","type-post","status-publish","format-standard","has-post-thumbnail","hentry","category-entretenimento"],"jetpack_publicize_connections":[],"jetpack_featured_media_url":"https:\/\/i0.wp.com\/www.paparazzinews.com.br\/wp-content\/uploads\/2024\/03\/da398de3-a72c-4f6f-9f80-c5a81fef9ac9.jpg?fit=960%2C1280&ssl=1","views":"2752","jetpack_likes_enabled":true,"jetpack_sharing_enabled":true,"_links":{"self":[{"href":"https:\/\/www.paparazzinews.com.br\/index.php?rest_route=\/wp\/v2\/posts\/8806","targetHints":{"allow":["GET"]}}],"collection":[{"href":"https:\/\/www.paparazzinews.com.br\/index.php?rest_route=\/wp\/v2\/posts"}],"about":[{"href":"https:\/\/www.paparazzinews.com.br\/index.php?rest_route=\/wp\/v2\/types\/post"}],"author":[{"embeddable":true,"href":"https:\/\/www.paparazzinews.com.br\/index.php?rest_route=\/wp\/v2\/users\/1"}],"replies":[{"embeddable":true,"href":"https:\/\/www.paparazzinews.com.br\/index.php?rest_route=%2Fwp%2Fv2%2Fcomments&post=8806"}],"version-history":[{"count":2,"href":"https:\/\/www.paparazzinews.com.br\/index.php?rest_route=\/wp\/v2\/posts\/8806\/revisions"}],"predecessor-version":[{"id":8810,"href":"https:\/\/www.paparazzinews.com.br\/index.php?rest_route=\/wp\/v2\/posts\/8806\/revisions\/8810"}],"wp:featuredmedia":[{"embeddable":true,"href":"https:\/\/www.paparazzinews.com.br\/index.php?rest_route=\/wp\/v2\/media\/8809"}],"wp:attachment":[{"href":"https:\/\/www.paparazzinews.com.br\/index.php?rest_route=%2Fwp%2Fv2%2Fmedia&parent=8806"}],"wp:term":[{"taxonomy":"category","embeddable":true,"href":"https:\/\/www.paparazzinews.com.br\/index.php?rest_route=%2Fwp%2Fv2%2Fcategories&post=8806"},{"taxonomy":"post_tag","embeddable":true,"href":"https:\/\/www.paparazzinews.com.br\/index.php?rest_route=%2Fwp%2Fv2%2Ftags&post=8806"}],"curies":[{"name":"wp","href":"https:\/\/api.w.org\/{rel}","templated":true}]}}