{"id":8797,"date":"2024-03-21T17:25:16","date_gmt":"2024-03-21T20:25:16","guid":{"rendered":"https:\/\/www.paparazzinews.com.br\/?p=8797"},"modified":"2024-03-21T17:25:17","modified_gmt":"2024-03-21T20:25:17","slug":"inclusao-meias-coloridas-invadem-escolas-de-castilho-em-ato-de-conscientizacao-sobre-diversidade","status":"publish","type":"post","link":"https:\/\/www.paparazzinews.com.br\/?p=8797","title":{"rendered":"INCLUS\u00c3O: Meias coloridas invadem escolas de Castilho em ato de conscientiza\u00e7\u00e3o sobre \u201cDiversidade\u201d"},"content":{"rendered":"\n<p>Com milhares de p\u00e9s trajando meias coloridas e invertidas, Castilho realizou nesta quinta-feira, 21 \u2013 Dia Mundial da S\u00edndrome de Down, um dos mais belos atos de conscientiza\u00e7\u00e3o sobre a diversidade humana e a necessidade de respeitarmos a individualidade de cada pessoa.<\/p>\n\n\n\n<p>A ideia partiu de um convite simples feito pelas Secretarias Municipais de Educa\u00e7\u00e3o, Cultura e Desporto; Sa\u00fade e Vigil\u00e2ncia Epidemiol\u00f3gica; e Assist\u00eancia Social e Cidadania, que iniciaram uma campanha incentivando os cidad\u00e3os a vestirem meias coloridas ou pares invertidos no dia 21 de mar\u00e7o.<\/p>\n\n\n\n<p>\u201cA inten\u00e7\u00e3o por tr\u00e1s deste ato simples e impactante, \u00e9 que as pessoas, ao verem as meias coloridas, iniciem uma conversa sobre isso. Em geral, esta conversa com a pergunta: por que meias coloridas e diferentes? A partir da\u00ed, se torna poss\u00edvel difundir informa\u00e7\u00f5es de conscientiza\u00e7\u00e3o\u201d, explica a secret\u00e1ria Silv\u00e2nia Cintra, titular da Pasta de Educa\u00e7\u00e3o.<\/p>\n\n\n\n<p>Mas a campanha n\u00e3o est\u00e1 limitada apenas \u00e0 S\u00edndrome de Down. No contexto escolar, ela \u00e9 parte de uma programa\u00e7\u00e3o educativa muito mais abrangente, estrategicamente denominada \u201cProjeto Diversidade\u201d.<br>\u201cA escola constitui-se em espa\u00e7o privilegiado para o reconhecimento e a valoriza\u00e7\u00e3o da diferen\u00e7a, como fator de desenvolvimento integral dos seres humanos. Em uma escola inclusiva, todos se beneficiam quando a diversidade se torna motivo de aprendizagem e de respeito m\u00fatuo\u201d, defende Marcela Balane \u2013 Coordenadora de Educa\u00e7\u00e3o Especial na rede municipal de ensino.<\/p>\n\n\n\n<p>Com esse objetivo em mente, durante todo o ano letivo de 2024, as escolas e creches de Castilho trabalhar\u00e3o a diversidade, incentivando o respeito \u00e0s individualidades. Neste processo, toda a criatividade dos professores \u00e9 bem vinda. Pe\u00e7as de teatro, jograis, dan\u00e7as, desenhos, composi\u00e7\u00e3o de cartazes e desenhos, palestras, bate-papo, exibi\u00e7\u00e3o de v\u00eddeos e leitura direcionada com material pedag\u00f3gico ligado ao tema abordado s\u00e3o apenas alguns dos recursos utilizados pelos educadores dentro e fora das salas de aulas.<\/p>\n\n\n\n<p><strong>EDUCA\u00c7\u00c3O CONT\u00cdNUA<br><\/strong>\u201cO uso das meias coloridas e invertidas foi a culmin\u00e2ncia de um primeiro processo que evidenciou a s\u00edndrome de down em atividades escolares. Agora, j\u00e1 estamos nos preparando para o pr\u00f3ximo evento cujo encerramento ser\u00e1 marcado por uma passeata que come\u00e7ar\u00e1 \u00e0s 08h00 do pr\u00f3ximo dia 02 de Abril \u2013 Dia Mundial de Conscientiza\u00e7\u00e3o Sobre o Autismo\u201d, completa Silv\u00e2nia.<\/p>\n\n\n\n<p>A secret\u00e1ria se refere \u00e0 mobiliza\u00e7\u00e3o que, pelo terceiro ano consecutivo, promete reunir grande parte da comunidade escolar castilhense, incluindo pais, tios, av\u00f3s e amiguinhos de crian\u00e7as autistas, em uma caminhada de conscientiza\u00e7\u00e3o que ter\u00e1 in\u00edcio defronte ao supermercado Redepas e percorrer\u00e1 todo o trajeto da rua Os\u00f3rio Junqueira em dire\u00e7\u00e3o \u00e0 Pra\u00e7a Matriz, onde um ato p\u00fablico encerra a programa\u00e7\u00e3o.<\/p>\n\n\n\n<p>\u201cNesta passeata, professores, pais e alunos carregar\u00e3o cartazes, faixas, minidoors e outros trabalhos produzidos nas escolas at\u00e9 o Dia Mundial do Autismo. Este ato \u00e9 importante para chamar a aten\u00e7\u00e3o de todos para as diversidades, individualidades e, principalmente, a necessidade de praticarmos a empatia sincera e sermos cada vez mais acolhedores em qualquer ambiente\u201d, finaliza a vice-secret\u00e1ria de Educa\u00e7\u00e3o, Val\u00e9ria de Morais.<\/p>\n\n\n\n<p><strong>SAIBA MAIS:<\/strong><\/p>\n\n\n\n<p>A S\u00edndrome de Down \u00e9 uma condi\u00e7\u00e3o gen\u00e9tica que afeta cerca de 1 em cada 700 nascidos vivos em todo o mundo. Embora as pessoas com S\u00edndrome de Down possam enfrentar desafios \u00fanicos, elas tamb\u00e9m trazem consigo uma riqueza de talentos, perspectivas e alegria que enriquecem nossas comunidades.<br>PORQUE MEIAS COLORIDAS &#8211; A ideia foi criada porque os cromossomos t\u00eam o formato de \u201cmeias\u201d e as pessoas com S\u00edndrome de Down t\u00eam um cromossomo extra.<\/p>\n\n\n\n<p><strong><em><strong><em><strong><em><strong><em><strong>Siga nossas redes sociais no\u00a0<a href=\"https:\/\/www.instagram.com\/ronipaparazzi\/\">Instagram\u00a0<\/a>e\u00a0<a href=\"https:\/\/www.facebook.com\/ronipaparazzicomvoce\">Facebook<\/a>\u00a0participe da nossa comunidade do Canal Roni Paparazzi no Whatsapp e receba as principais not\u00edcias do dia direto no seu celular.<\/strong>\u00a0<a href=\"https:\/\/chat.whatsapp.com\/GsG1XKo0jPOEfjzudWQcml\" target=\"_blank\" rel=\"noreferrer noopener\">\u00a0Clique aqui e se inscreva.<\/a><\/em><\/strong><\/em><\/strong><\/em><\/strong><\/em><\/strong><\/p>\n","protected":false},"excerpt":{"rendered":"<p>Com milhares de p\u00e9s trajando meias coloridas e invertidas, Castilho realizou nesta quinta-feira, 21 \u2013 Dia Mundial da S\u00edndrome de Down, um dos mais belos atos de conscientiza\u00e7\u00e3o sobre a diversidade humana e a necessidade de respeitarmos a individualidade de cada pessoa. A ideia partiu de um convite simples feito pelas Secretarias Municipais de Educa\u00e7\u00e3o, &hellip;<\/p>\n","protected":false},"author":1,"featured_media":8798,"comment_status":"open","ping_status":"open","sticky":false,"template":"","format":"standard","meta":{"_jetpack_memberships_contains_paid_content":false,"footnotes":"","jetpack_publicize_message":"","jetpack_publicize_feature_enabled":true,"jetpack_social_post_already_shared":false,"jetpack_social_options":{"image_generator_settings":{"template":"highway","default_image_id":0,"enabled":false},"version":2}},"categories":[6],"tags":[],"class_list":["post-8797","post","type-post","status-publish","format-standard","has-post-thumbnail","hentry","category-entretenimento"],"jetpack_publicize_connections":[],"jetpack_featured_media_url":"https:\/\/i0.wp.com\/www.paparazzinews.com.br\/wp-content\/uploads\/2024\/03\/b5aba16f-20dd-4e46-9653-5f6e2a96c9af-e1711052690152.jpg?fit=1000%2C450&ssl=1","views":"2752","jetpack_likes_enabled":true,"jetpack_sharing_enabled":true,"_links":{"self":[{"href":"https:\/\/www.paparazzinews.com.br\/index.php?rest_route=\/wp\/v2\/posts\/8797","targetHints":{"allow":["GET"]}}],"collection":[{"href":"https:\/\/www.paparazzinews.com.br\/index.php?rest_route=\/wp\/v2\/posts"}],"about":[{"href":"https:\/\/www.paparazzinews.com.br\/index.php?rest_route=\/wp\/v2\/types\/post"}],"author":[{"embeddable":true,"href":"https:\/\/www.paparazzinews.com.br\/index.php?rest_route=\/wp\/v2\/users\/1"}],"replies":[{"embeddable":true,"href":"https:\/\/www.paparazzinews.com.br\/index.php?rest_route=%2Fwp%2Fv2%2Fcomments&post=8797"}],"version-history":[{"count":1,"href":"https:\/\/www.paparazzinews.com.br\/index.php?rest_route=\/wp\/v2\/posts\/8797\/revisions"}],"predecessor-version":[{"id":8799,"href":"https:\/\/www.paparazzinews.com.br\/index.php?rest_route=\/wp\/v2\/posts\/8797\/revisions\/8799"}],"wp:featuredmedia":[{"embeddable":true,"href":"https:\/\/www.paparazzinews.com.br\/index.php?rest_route=\/wp\/v2\/media\/8798"}],"wp:attachment":[{"href":"https:\/\/www.paparazzinews.com.br\/index.php?rest_route=%2Fwp%2Fv2%2Fmedia&parent=8797"}],"wp:term":[{"taxonomy":"category","embeddable":true,"href":"https:\/\/www.paparazzinews.com.br\/index.php?rest_route=%2Fwp%2Fv2%2Fcategories&post=8797"},{"taxonomy":"post_tag","embeddable":true,"href":"https:\/\/www.paparazzinews.com.br\/index.php?rest_route=%2Fwp%2Fv2%2Ftags&post=8797"}],"curies":[{"name":"wp","href":"https:\/\/api.w.org\/{rel}","templated":true}]}}