{"id":8787,"date":"2024-03-21T13:31:11","date_gmt":"2024-03-21T16:31:11","guid":{"rendered":"https:\/\/www.paparazzinews.com.br\/?p=8787"},"modified":"2024-03-21T13:31:12","modified_gmt":"2024-03-21T16:31:12","slug":"meio-ambiente-aguas-andradina-e-castilho-marcar-o-dia-mundial-da-agua","status":"publish","type":"post","link":"https:\/\/www.paparazzinews.com.br\/?p=8787","title":{"rendered":"MEIO AMBIENTE: \u00c1guas Andradina e Castilho marcar o Dia Mundial da \u00c1gua"},"content":{"rendered":"\n<p>Andradina\/Castilho, 15 de mar\u00e7o de 2024 &#8211; Durante esta semana, empresas, institui\u00e7\u00f5es, escolas de v\u00e1rios pa\u00edses se mobilizam para promover a\u00e7\u00f5es em homenagem ao Dia Mundial da \u00c1gua (22\/3) \u2013 data institu\u00edda pela Organiza\u00e7\u00e3o das Na\u00e7\u00f5es Unidas (ONU), em 1992.<\/p>\n\n\n\n<p>Na regi\u00e3o, este tema ser\u00e1 debatido durante a\u00e7\u00f5es realizadas por meio de parcerias firmadas entre a \u00c1guas Andradina e a \u00c1guas Castilho, empresas do grupo Igu\u00e1 Saneamento e Sabesp, e a Secretaria de Educa\u00e7\u00e3o e Meio da Prefeitura de Castilho e Secretaria de Meio Ambiente da Prefeitura de Andradina, envolvendo a participa\u00e7\u00e3o de aproximadamente 350 crian\u00e7as das escolas municipais.<\/p>\n\n\n\n<p>Na quarta-feira (20\/03), representantes da \u00c1guas Castilho v\u00e3o receber 235 crian\u00e7as para palestras sobre a import\u00e2ncia do tratamento da \u00e1gua e do esgoto de Castilho, no CIECC (Centro Integrado de Educa\u00e7\u00e3o e Cultura).<\/p>\n\n\n\n<p>Em Andradina, a mobiliza\u00e7\u00e3o ser\u00e1 na quinta-feira (21\/03), em que 100 alunos de escolas da rede p\u00fablica participar\u00e3o de uma caminhada com sa\u00edda da \u00c1guas Andradina at\u00e9 a Pra\u00e7a Moura Andrade. Os estudantes criaram mensagens de conscientiza\u00e7\u00e3o sobre a import\u00e2ncia da \u00e1gua e a melhor frase ser\u00e1 divulgada nas contas de \u00e1gua que chegam para os moradores da cidade e os autores das tr\u00eas melhores ganham visitas ao Parque Aqu\u00e1tico Aqualinda.<\/p>\n\n\n\n<p>Acompanhe as not\u00edcias da \u00c1guas Andradina e da \u00c1guas Castilho nos sites <a href=\"http:\/\/www.igua.com.br\/andradina\" data-type=\"link\" data-id=\"www.igua.com.br\/andradina\">www.igua.com.br\/andradina<\/a> e <a href=\"http:\/\/www.igua.com.br\/castilho\" data-type=\"link\" data-id=\"www.igua.com.br\/castilho\">www.igua.com.br\/castilho<\/a>.<\/p>\n\n\n\n<p><strong><em><strong><em><strong><em><strong><em><strong>Siga nossas redes sociais no\u00a0<a href=\"https:\/\/www.instagram.com\/ronipaparazzi\/\">Instagram\u00a0<\/a>e\u00a0<a href=\"https:\/\/www.facebook.com\/ronipaparazzicomvoce\">Facebook<\/a>\u00a0participe da nossa comunidade do Canal Roni Paparazzi no Whatsapp e receba as principais not\u00edcias do dia direto no seu celular.<\/strong>\u00a0<a href=\"https:\/\/chat.whatsapp.com\/GsG1XKo0jPOEfjzudWQcml\" target=\"_blank\" rel=\"noreferrer noopener\">\u00a0Clique aqui e se inscreva.<\/a><\/em><\/strong><\/em><\/strong><\/em><\/strong><\/em><\/strong><\/p>\n","protected":false},"excerpt":{"rendered":"<p>Andradina\/Castilho, 15 de mar\u00e7o de 2024 &#8211; Durante esta semana, empresas, institui\u00e7\u00f5es, escolas de v\u00e1rios pa\u00edses se mobilizam para promover a\u00e7\u00f5es em homenagem ao Dia Mundial da \u00c1gua (22\/3) \u2013 data institu\u00edda pela Organiza\u00e7\u00e3o das Na\u00e7\u00f5es Unidas (ONU), em 1992. Na regi\u00e3o, este tema ser\u00e1 debatido durante a\u00e7\u00f5es realizadas por meio de parcerias firmadas entre &hellip;<\/p>\n","protected":false},"author":1,"featured_media":8788,"comment_status":"open","ping_status":"open","sticky":false,"template":"","format":"standard","meta":{"_jetpack_memberships_contains_paid_content":false,"footnotes":"","jetpack_publicize_message":"","jetpack_publicize_feature_enabled":true,"jetpack_social_post_already_shared":false,"jetpack_social_options":{"image_generator_settings":{"template":"highway","default_image_id":0,"enabled":false},"version":2}},"categories":[4],"tags":[],"class_list":["post-8787","post","type-post","status-publish","format-standard","has-post-thumbnail","hentry","category-regiao"],"jetpack_publicize_connections":[],"jetpack_featured_media_url":"https:\/\/i0.wp.com\/www.paparazzinews.com.br\/wp-content\/uploads\/2024\/03\/97aa2ff5-94b0-4580-b134-5ea6446ba5b1-e1711038662794.jpg?fit=1000%2C1000&ssl=1","views":"2693","jetpack_likes_enabled":true,"jetpack_sharing_enabled":true,"_links":{"self":[{"href":"https:\/\/www.paparazzinews.com.br\/index.php?rest_route=\/wp\/v2\/posts\/8787","targetHints":{"allow":["GET"]}}],"collection":[{"href":"https:\/\/www.paparazzinews.com.br\/index.php?rest_route=\/wp\/v2\/posts"}],"about":[{"href":"https:\/\/www.paparazzinews.com.br\/index.php?rest_route=\/wp\/v2\/types\/post"}],"author":[{"embeddable":true,"href":"https:\/\/www.paparazzinews.com.br\/index.php?rest_route=\/wp\/v2\/users\/1"}],"replies":[{"embeddable":true,"href":"https:\/\/www.paparazzinews.com.br\/index.php?rest_route=%2Fwp%2Fv2%2Fcomments&post=8787"}],"version-history":[{"count":1,"href":"https:\/\/www.paparazzinews.com.br\/index.php?rest_route=\/wp\/v2\/posts\/8787\/revisions"}],"predecessor-version":[{"id":8789,"href":"https:\/\/www.paparazzinews.com.br\/index.php?rest_route=\/wp\/v2\/posts\/8787\/revisions\/8789"}],"wp:featuredmedia":[{"embeddable":true,"href":"https:\/\/www.paparazzinews.com.br\/index.php?rest_route=\/wp\/v2\/media\/8788"}],"wp:attachment":[{"href":"https:\/\/www.paparazzinews.com.br\/index.php?rest_route=%2Fwp%2Fv2%2Fmedia&parent=8787"}],"wp:term":[{"taxonomy":"category","embeddable":true,"href":"https:\/\/www.paparazzinews.com.br\/index.php?rest_route=%2Fwp%2Fv2%2Fcategories&post=8787"},{"taxonomy":"post_tag","embeddable":true,"href":"https:\/\/www.paparazzinews.com.br\/index.php?rest_route=%2Fwp%2Fv2%2Ftags&post=8787"}],"curies":[{"name":"wp","href":"https:\/\/api.w.org\/{rel}","templated":true}]}}