{"id":8775,"date":"2024-03-21T12:51:32","date_gmt":"2024-03-21T15:51:32","guid":{"rendered":"https:\/\/www.paparazzinews.com.br\/?p=8775"},"modified":"2024-03-21T13:01:58","modified_gmt":"2024-03-21T16:01:58","slug":"descuido-2-criancas-de-3-anos-fogem-de-creche-vigia-foi-afastado","status":"publish","type":"post","link":"https:\/\/www.paparazzinews.com.br\/?p=8775","title":{"rendered":"DESCUIDO: 2 crian\u00e7as de 3 anos fogem de creche, vigia foi afastado"},"content":{"rendered":"\n<p>Dois meninos de 3 anos foram flagrados por c\u00e2meras de seguran\u00e7a fugindo de uma creche municipal em Balne\u00e1rio Cambori\u00fa, Santa Catarina, na \u00faltima sexta-feira, dia 15. De acordo com a Secretaria de Educa\u00e7\u00e3o do munic\u00edpio, o caso est\u00e1 sendo investigado em uma sindic\u00e2ncia interna e o funcion\u00e1rio respons\u00e1vel pela vigil\u00e2ncia da creche Pequeno Mundo foi afastado do cargo. Profissionais da educa\u00e7\u00e3o que atuam no local tamb\u00e9m passam por averigua\u00e7\u00e3o. A informa\u00e7\u00e3o \u00e9 do Sbt.<br><br>Em v\u00eddeos divulgados nas redes sociais \u00e9 poss\u00edvel ver o momento em que as crian\u00e7as passam correndo carregando as mochilas no meio de uma rua no bairro Nova Esperan\u00e7a, onde fica a unidade escolar. Servidores da Secretaria de Educa\u00e7\u00e3o estiveram no local ap\u00f3s o ocorrido e conversaram com os respons\u00e1veis pelas crian\u00e7as que foram localizadas e passam bem.<\/p>\n\n\n\n<p><strong><em><strong><em><strong><em><strong><em><strong>Siga nossas redes sociais no&nbsp;<a href=\"https:\/\/www.instagram.com\/ronipaparazzi\/\">Instagram&nbsp;<\/a>e&nbsp;<a href=\"https:\/\/www.facebook.com\/ronipaparazzicomvoce\">Facebook<\/a>&nbsp;participe da nossa comunidade do Canal Roni Paparazzi no Whatsapp e receba as principais not\u00edcias do dia direto no seu celular.<\/strong>&nbsp;<a href=\"https:\/\/chat.whatsapp.com\/GsG1XKo0jPOEfjzudWQcml\" target=\"_blank\" rel=\"noreferrer noopener\">&nbsp;Clique aqui e se inscreva.<\/a><\/em><\/strong><\/em><\/strong><\/em><\/strong><\/em><\/strong><\/p>\n","protected":false},"excerpt":{"rendered":"<p>Dois meninos de 3 anos foram flagrados por c\u00e2meras de seguran\u00e7a fugindo de uma creche municipal em Balne\u00e1rio Cambori\u00fa, Santa Catarina, na \u00faltima sexta-feira, dia 15. De acordo com a Secretaria de Educa\u00e7\u00e3o do munic\u00edpio, o caso est\u00e1 sendo investigado em uma sindic\u00e2ncia interna e o funcion\u00e1rio respons\u00e1vel pela vigil\u00e2ncia da creche Pequeno Mundo foi &hellip;<\/p>\n","protected":false},"author":1,"featured_media":8776,"comment_status":"open","ping_status":"open","sticky":false,"template":"","format":"standard","meta":{"_jetpack_memberships_contains_paid_content":false,"footnotes":"","jetpack_publicize_message":"","jetpack_publicize_feature_enabled":true,"jetpack_social_post_already_shared":false,"jetpack_social_options":{"image_generator_settings":{"template":"highway","default_image_id":0,"enabled":false},"version":2}},"categories":[3],"tags":[],"class_list":["post-8775","post","type-post","status-publish","format-standard","has-post-thumbnail","hentry","category-policial"],"jetpack_publicize_connections":[],"jetpack_featured_media_url":"https:\/\/i0.wp.com\/www.paparazzinews.com.br\/wp-content\/uploads\/2024\/03\/criancas-de-3-anos-fogem-de-creche-em-santa-catarina-veja-video-200324_031605.jpg?fit=839%2C400&ssl=1","views":"1359","jetpack_likes_enabled":true,"jetpack_sharing_enabled":true,"_links":{"self":[{"href":"https:\/\/www.paparazzinews.com.br\/index.php?rest_route=\/wp\/v2\/posts\/8775","targetHints":{"allow":["GET"]}}],"collection":[{"href":"https:\/\/www.paparazzinews.com.br\/index.php?rest_route=\/wp\/v2\/posts"}],"about":[{"href":"https:\/\/www.paparazzinews.com.br\/index.php?rest_route=\/wp\/v2\/types\/post"}],"author":[{"embeddable":true,"href":"https:\/\/www.paparazzinews.com.br\/index.php?rest_route=\/wp\/v2\/users\/1"}],"replies":[{"embeddable":true,"href":"https:\/\/www.paparazzinews.com.br\/index.php?rest_route=%2Fwp%2Fv2%2Fcomments&post=8775"}],"version-history":[{"count":2,"href":"https:\/\/www.paparazzinews.com.br\/index.php?rest_route=\/wp\/v2\/posts\/8775\/revisions"}],"predecessor-version":[{"id":8781,"href":"https:\/\/www.paparazzinews.com.br\/index.php?rest_route=\/wp\/v2\/posts\/8775\/revisions\/8781"}],"wp:featuredmedia":[{"embeddable":true,"href":"https:\/\/www.paparazzinews.com.br\/index.php?rest_route=\/wp\/v2\/media\/8776"}],"wp:attachment":[{"href":"https:\/\/www.paparazzinews.com.br\/index.php?rest_route=%2Fwp%2Fv2%2Fmedia&parent=8775"}],"wp:term":[{"taxonomy":"category","embeddable":true,"href":"https:\/\/www.paparazzinews.com.br\/index.php?rest_route=%2Fwp%2Fv2%2Fcategories&post=8775"},{"taxonomy":"post_tag","embeddable":true,"href":"https:\/\/www.paparazzinews.com.br\/index.php?rest_route=%2Fwp%2Fv2%2Ftags&post=8775"}],"curies":[{"name":"wp","href":"https:\/\/api.w.org\/{rel}","templated":true}]}}