{"id":875,"date":"2022-09-28T17:35:23","date_gmt":"2022-09-28T20:35:23","guid":{"rendered":"https:\/\/www.paparazzinews.com.br\/?p=875"},"modified":"2022-09-28T17:35:24","modified_gmt":"2022-09-28T20:35:24","slug":"andradina-se-torna-distrito-turistico","status":"publish","type":"post","link":"https:\/\/www.paparazzinews.com.br\/?p=875","title":{"rendered":"Andradina se torna Distrito Tur\u00edstico"},"content":{"rendered":"\n<p>Um momento hist\u00f3rico para Andradina. Na tarde desta ter\u00e7a-feira (27), o governador Rodrigo Garcia assinou o decreto de cria\u00e7\u00e3o do Distrito Tur\u00edstico Andradina e o Governo de S\u00e3o Paulo anunciou novos investimentos em infraestrutura ao longo da rodovia Marechal Rondon (SP-300). Uma cerim\u00f4nia na manh\u00e3 de hoje (28) no Parque Tem\u00e1tico\/Acqu\u00e1tico Acqualinda, com a presen\u00e7a do prefeito Mario Celso Lopes e do secret\u00e1rio de Turismo do Estado Vin\u00edcius Lummertz oficializou a cria\u00e7\u00e3o do novo Distrito tur\u00edstico, o 4\u00ba do Estado de S\u00e3o Paulo, com uma \u00e1rea de 730 hectares.<\/p>\n\n\n\n<p><br>M\u00e1rio Celso, prefeito anfitri\u00e3o do evento, fez quest\u00e3o de destacar que a cria\u00e7\u00e3o do Distrito Tur\u00edstico \u00e9 um momento hist\u00f3rico para a cidade, comparada a sua funda\u00e7\u00e3o. \u201cFizemos a nossa li\u00e7\u00e3o de casa. N\u00e3o fomos bater a porta de ningu\u00e9m com o pires na m\u00e3o, Trabalhamos e nos preparamos para este momento. Por isso, tinha certeza que nosso esfor\u00e7o seria reconhecido por um homem de vis\u00e3o e de coragem como Rodrigo Garcia, ao contemplar o projeto do Distrito. Ele comprou a nossa ideia e o dia 27 de setembro pode ser lembrado como um segundo anivers\u00e1rio de Andradina. Quando a cidade renasce para a nova ind\u00fastria do turismo\u201d disse M\u00e1rio.<\/p>\n\n\n\n<p><br>Para Lummertz, a for\u00e7a empreendedora de M\u00e1rio Celso foi muito importante para marcar uma nova fase de desenvolvimento para a regi\u00e3o. \u201cSabemos que S\u00e3o Paulo desponta no Agrobussines e na Industria, mas \u00e9 o turismo a nova ind\u00fastria capaz de levar prosperidade as pessoas. Turismo bgera emprego, que gera dinheiro para as fam\u00edlias que tras a prosperidade para todos\u201c, disse.<\/p>\n\n\n\n<p><br>O secret\u00e1rio aproveitou a oportunidade para anunciar uma obra de constru\u00e7\u00e3o de 10km de via marginal a rodovia Marechal Rondon (5km em cada sentido) com investimento aproximado de R$ 120 milh\u00f5es. \u201c\u00c9 uma obra que se projeta para futuro considerando que Andradina est\u00e1 no mapa do turismo nacional\u201d, declarou Lummertz.<\/p>\n\n\n\n<p><br>O secret\u00e1rio de Desenvolvimento Econ\u00f4mico, Turismo e Economia Criativa de Andradina, Norival Nunes afirmou que a cerim\u00f4nia foi de grande import\u00e2ncia para manifestar o grande agradecimento de Andradina ao atual governo do estado de S\u00e3o Paulo. \u201cSou testemunha dos investimentos milion\u00e1rios feitos atrav\u00e9s do governo de Rodrigo Garcia e agora a realiza\u00e7\u00e3o de um sonho de um projeto que beneficiar\u00e1 muitas gera\u00e7\u00f5es\u201d, disse Norival.<\/p>\n\n\n\n<p><br>Em um breve relato, M\u00e1rio Celso apresentou alguns n\u00fameros do Parque Acqualinda, que j\u00e1 recebeu 50 mil visitantes, movimentando R$ 12 milh\u00f5es apenas em visita\u00e7\u00e3o e mais R$ 25 milh\u00f5es em venda de cotas do resort de multipropriedade associado ao parque. \u201cAinda estamos trabalhando em \u201csoft oppening\u201d. A expectativa \u00e9 em breve gerar mais milhares de empregos diretos e indiretos dentro do trade tur\u00edstico da cidade, levando o nome da regi\u00e3o para o mundo todo\u201d, disse.<\/p>\n\n\n\n<p><br>Em comparativo a Orlando, quem sabe o destino tur\u00edstico mais visitado do g\u00eanero no mundo, onde a constru\u00e7\u00e3o se deu em meio a um p\u00e2ntano, M\u00e1rio Celso afirmou que ao contr\u00e1rio da rota norteamericana, Andradina possui um clima prop\u00edcio com dias ensolarados na grande parte do ano e n\u00e3o possui hist\u00f3rico de adversidades clim\u00e1ticas.<\/p>\n\n\n\n<p><br>Alan Baldacci, presidente do Distrito Tur\u00edstico de Serra Azul, usou da palavra para enaltecer a iniciativa empreendedora que acontece em Andradina. \u201cEu sou de S\u00e3o Paulo e nunca pensei em um dia estar em Andradina. Mas agora a cidade entrou no mapa nacional do turismo e c\u00e1 estou\u201d, disse.<br>Outra presen\u00e7a marcante foi a do presidente da S\u00e3o Paulo and Visitors Bureau,<br>Toni Sando, que usou da palavra para lembrar que o turismo em S\u00e3o Paulo crece exponencialmente, fazendo crescer as rotas paulistas dentro do cen\u00e1rio brasileiro do turismo, o que tras renda e prosperidade a todos.<\/p>\n\n\n\n<p><strong>Presen\u00e7as<\/strong><br>A comitiva do Secret\u00e1rio de Turismo, Vin\u00edcius Lummertz foi composta por Alan Baldacci &#8211; presidente do Distrito Tur\u00edstico de Serra Azul, Toni Sando presidente da S\u00e3o Paulo and Visitors Bureau, Gustavo Griza Diretor de Projetos Estrat\u00e9gicos da SECTUR-SP, al\u00e9m do andradinense Marco Pilla, grande repre4sentante do interior no Pal\u00e1cio dos Bandeirantes.<\/p>\n\n\n\n<p><br>Prestigiaram o evento a Primeira Dama Ju\u00e7ara Lopes, o presidente da C\u00e2mara Municipal de Andradina, Guto Mar\u00e3o, o prefeito de Ara\u00e7atuba Dilador Borges, o prefeito de Castilho, Paulinho Boaventura, o prefeito de Ilha Solteira, Ot\u00e1vio Gomes, o prefeito de Murutinga do Sul, Cristiano Eleot\u00e9rio o prefeito de Itapura F\u00e1bio Dourado, vereadores da C\u00e2mara de Andradina e demais C\u00e2maras da regi\u00e3o, al\u00e9m de centenas de representantes de entidades constitu\u00eddas e empres\u00e1rios do trade tur\u00edstico regional.<\/p>\n","protected":false},"excerpt":{"rendered":"<p>Um momento hist\u00f3rico para Andradina. Na tarde desta ter\u00e7a-feira (27), o governador Rodrigo Garcia assinou o decreto de cria\u00e7\u00e3o do Distrito Tur\u00edstico Andradina e o Governo de S\u00e3o Paulo anunciou novos investimentos em infraestrutura ao longo da rodovia Marechal Rondon (SP-300). Uma cerim\u00f4nia na manh\u00e3 de hoje (28) no Parque Tem\u00e1tico\/Acqu\u00e1tico Acqualinda, com a presen\u00e7a &hellip;<\/p>\n","protected":false},"author":1,"featured_media":876,"comment_status":"open","ping_status":"open","sticky":false,"template":"","format":"standard","meta":{"_jetpack_memberships_contains_paid_content":false,"footnotes":"","jetpack_publicize_message":"","jetpack_publicize_feature_enabled":true,"jetpack_social_post_already_shared":false,"jetpack_social_options":{"image_generator_settings":{"template":"highway","default_image_id":0,"enabled":false},"version":2}},"categories":[4],"tags":[],"class_list":["post-875","post","type-post","status-publish","format-standard","has-post-thumbnail","hentry","category-regiao"],"jetpack_publicize_connections":[],"jetpack_featured_media_url":"https:\/\/i0.wp.com\/www.paparazzinews.com.br\/wp-content\/uploads\/2022\/09\/0aaeb360-cc2d-4de4-b666-65248e637014-e1664397312562.jpg?fit=1000%2C666&ssl=1","views":"2959","jetpack_likes_enabled":true,"jetpack_sharing_enabled":true,"_links":{"self":[{"href":"https:\/\/www.paparazzinews.com.br\/index.php?rest_route=\/wp\/v2\/posts\/875","targetHints":{"allow":["GET"]}}],"collection":[{"href":"https:\/\/www.paparazzinews.com.br\/index.php?rest_route=\/wp\/v2\/posts"}],"about":[{"href":"https:\/\/www.paparazzinews.com.br\/index.php?rest_route=\/wp\/v2\/types\/post"}],"author":[{"embeddable":true,"href":"https:\/\/www.paparazzinews.com.br\/index.php?rest_route=\/wp\/v2\/users\/1"}],"replies":[{"embeddable":true,"href":"https:\/\/www.paparazzinews.com.br\/index.php?rest_route=%2Fwp%2Fv2%2Fcomments&post=875"}],"version-history":[{"count":1,"href":"https:\/\/www.paparazzinews.com.br\/index.php?rest_route=\/wp\/v2\/posts\/875\/revisions"}],"predecessor-version":[{"id":877,"href":"https:\/\/www.paparazzinews.com.br\/index.php?rest_route=\/wp\/v2\/posts\/875\/revisions\/877"}],"wp:featuredmedia":[{"embeddable":true,"href":"https:\/\/www.paparazzinews.com.br\/index.php?rest_route=\/wp\/v2\/media\/876"}],"wp:attachment":[{"href":"https:\/\/www.paparazzinews.com.br\/index.php?rest_route=%2Fwp%2Fv2%2Fmedia&parent=875"}],"wp:term":[{"taxonomy":"category","embeddable":true,"href":"https:\/\/www.paparazzinews.com.br\/index.php?rest_route=%2Fwp%2Fv2%2Fcategories&post=875"},{"taxonomy":"post_tag","embeddable":true,"href":"https:\/\/www.paparazzinews.com.br\/index.php?rest_route=%2Fwp%2Fv2%2Ftags&post=875"}],"curies":[{"name":"wp","href":"https:\/\/api.w.org\/{rel}","templated":true}]}}