{"id":8735,"date":"2024-03-20T13:18:22","date_gmt":"2024-03-20T16:18:22","guid":{"rendered":"https:\/\/www.paparazzinews.com.br\/?p=8735"},"modified":"2024-03-20T13:18:23","modified_gmt":"2024-03-20T16:18:23","slug":"calor-encerramento-do-verao-promete-fortes-chuvas","status":"publish","type":"post","link":"https:\/\/www.paparazzinews.com.br\/?p=8735","title":{"rendered":"CALOR: Encerramento do Ver\u00e3o promete fortes chuvas"},"content":{"rendered":"\n<p>A \u00faltima semana do ver\u00e3o e os primeiros dias de outono podem apresentar grandes acumulados de chuva, com volume acima de 100 mil\u00edmetros por dia, especialmente no centro-norte do pa\u00eds, devido \u00e0 combina\u00e7\u00e3o do calor e alta umidade. Segundo o Instituto Nacional de Meteorologia (Inmet), na semana entre os dias 18 e 25 de mar\u00e7o a atua\u00e7\u00e3o da Zona de Converg\u00eancia Intertropical (ZCIT) continuar\u00e1 influenciando as instabilidades no extremo norte do Brasil, provocando chuvas intensas. A informa\u00e7\u00e3o \u00e9 da Ag\u00eancia Brasil.\u00a0\u00a0<br><br>Na regi\u00e3o Norte, s\u00e3o previstas pancadas de chuvas, com valores que podem superar os 100 mil\u00edmetros, principalmente em \u00e1reas do Amazonas, Par\u00e1, Rond\u00f4nia e Tocantins. As chuvas mais intensas podem vir acompanhadas de rajadas de vento e trovoadas.<\/p>\n\n\n\n<p>No Centro-Oeste, as chuvas dever\u00e3o ser mais regulares durante a semana. Os estados de Mato Grosso e Goi\u00e1s ter\u00e3o os volumes mais expressivos de chuvas e poder\u00e3o ficar em torno de 70 mm\/dia. Por outro lado, em Mato Grosso do Sul, a chuva dever\u00e1 ser irregular, com total em m\u00e9dia de 40 mm, em 24h.<\/p>\n\n\n\n<p>A chuva tamb\u00e9m cair\u00e1 com mais intensidade no norte da regi\u00e3o Nordeste. \u00c1reas dos estados do Maranh\u00e3o, Piau\u00ed e Cear\u00e1 dever\u00e3o registrar os maiores acumulados, que poder\u00e3o alcan\u00e7ar os 100 mm\/dia. Mas, no leste da regi\u00e3o, as chuvas dever\u00e3o ser menos intensas quando comparadas com a semana anterior, com valores em torno de 40 mm.<\/p>\n\n\n\n<p>J\u00e1 para a regi\u00e3o Sudeste, a previs\u00e3o \u00e9 de mais chuva no estado do Rio de Janeiro, Vale do Para\u00edba e litoral norte de S\u00e3o Paulo e no sul e Zona da Mata de Minas Gerais, com acumulados em torno de 80 mm\/dia. Pontualmente, pode ser registrada chuva mais intensa, acompanhada de rajadas de vento e trovoadas.<\/p>\n\n\n\n<p>Por fim, a regi\u00e3o Sul ter\u00e1 a semana marcada por temporais isolados, especialmente em \u00e1reas do Rio Grande do Sul e de Santa Catarina. O total de chuva pode ficar em torno de 80 mm.<\/p>\n\n\n\n<p><strong>Outono<\/strong><\/p>\n\n\n\n<p>O outono no hemisf\u00e9rio Sul come\u00e7ar\u00e1 \u00e0 0h06 (hor\u00e1rio de Bras\u00edlia) desta quarta-feira (20) e terminar\u00e1 em 21 de junho, \u00e0s 17h51. A esta\u00e7\u00e3o \u00e9 considerada de transi\u00e7\u00e3o entre o ver\u00e3o quente e \u00famido e o inverno frio e seco, principalmente, na parte central do pa\u00eds. Neste per\u00edodo, as chuvas s\u00e3o mais escassas no interior do Brasil, em particular no semi\u00e1rido nordestino.<\/p>\n\n\n\n<p>Na parte norte das regi\u00f5es Norte e Nordeste, ainda \u00e9 \u00e9poca de muita chuva, principalmente se houver a persist\u00eancia da ZCIT atuando mais ao sul de sua posi\u00e7\u00e3o climatol\u00f3gica. A esta\u00e7\u00e3o tamb\u00e9m \u00e9 caracterizada por incurs\u00f5es de massas de ar frio, oriundas do sul do continente, que provocam o decl\u00ednio das temperaturas do ar, principalmente na Regi\u00e3o Sul e parte da Regi\u00e3o Sudeste.<\/p>\n\n\n\n<p>Durante a esta\u00e7\u00e3o, o Inmet aponta as primeiras ocorr\u00eancias de fen\u00f4menos adversos t\u00edpicos do outono, como: nevoeiros nas regi\u00f5es Sul, Sudeste e Centro-Oeste; geadas nas regi\u00f5es Sul e Sudeste e em Mato Grosso do Sul; neve nas \u00e1reas serranas e nos planaltos da Regi\u00e3o Sul e friagem no sul da Regi\u00e3o Norte e nos estados de Mato Grosso do Sul e Mato Grosso.<\/p>\n\n\n\n<p><strong><em><strong><em><strong><em><strong><em><strong>Siga nossas redes sociais no\u00a0<a href=\"https:\/\/www.instagram.com\/ronipaparazzi\/\">Instagram\u00a0<\/a>e\u00a0<a href=\"https:\/\/www.facebook.com\/ronipaparazzicomvoce\">Facebook<\/a>\u00a0participe da nossa comunidade do Canal Roni Paparazzi no Whatsapp e receba as principais not\u00edcias do dia direto no seu celular.<\/strong>\u00a0<a href=\"https:\/\/chat.whatsapp.com\/GsG1XKo0jPOEfjzudWQcml\" target=\"_blank\" rel=\"noreferrer noopener\">\u00a0Clique aqui e se inscreva.<\/a><\/em><\/strong><\/em><\/strong><\/em><\/strong><\/em><\/strong><\/p>\n","protected":false},"excerpt":{"rendered":"<p>A \u00faltima semana do ver\u00e3o e os primeiros dias de outono podem apresentar grandes acumulados de chuva, com volume acima de 100 mil\u00edmetros por dia, especialmente no centro-norte do pa\u00eds, devido \u00e0 combina\u00e7\u00e3o do calor e alta umidade. Segundo o Instituto Nacional de Meteorologia (Inmet), na semana entre os dias 18 e 25 de mar\u00e7o &hellip;<\/p>\n","protected":false},"author":1,"featured_media":8736,"comment_status":"open","ping_status":"open","sticky":false,"template":"","format":"standard","meta":{"_jetpack_memberships_contains_paid_content":false,"footnotes":"","jetpack_publicize_message":"","jetpack_publicize_feature_enabled":true,"jetpack_social_post_already_shared":false,"jetpack_social_options":{"image_generator_settings":{"template":"highway","default_image_id":0,"enabled":false},"version":2}},"categories":[4],"tags":[],"class_list":["post-8735","post","type-post","status-publish","format-standard","has-post-thumbnail","hentry","category-regiao"],"jetpack_publicize_connections":[],"jetpack_featured_media_url":"https:\/\/i0.wp.com\/www.paparazzinews.com.br\/wp-content\/uploads\/2024\/03\/fim-do-verao-tera-fortes-chuvas-em-diversas-regioes-do-pais-190324_084904.jpg?fit=600%2C403&ssl=1","views":"1258","jetpack_likes_enabled":true,"jetpack_sharing_enabled":true,"_links":{"self":[{"href":"https:\/\/www.paparazzinews.com.br\/index.php?rest_route=\/wp\/v2\/posts\/8735","targetHints":{"allow":["GET"]}}],"collection":[{"href":"https:\/\/www.paparazzinews.com.br\/index.php?rest_route=\/wp\/v2\/posts"}],"about":[{"href":"https:\/\/www.paparazzinews.com.br\/index.php?rest_route=\/wp\/v2\/types\/post"}],"author":[{"embeddable":true,"href":"https:\/\/www.paparazzinews.com.br\/index.php?rest_route=\/wp\/v2\/users\/1"}],"replies":[{"embeddable":true,"href":"https:\/\/www.paparazzinews.com.br\/index.php?rest_route=%2Fwp%2Fv2%2Fcomments&post=8735"}],"version-history":[{"count":1,"href":"https:\/\/www.paparazzinews.com.br\/index.php?rest_route=\/wp\/v2\/posts\/8735\/revisions"}],"predecessor-version":[{"id":8737,"href":"https:\/\/www.paparazzinews.com.br\/index.php?rest_route=\/wp\/v2\/posts\/8735\/revisions\/8737"}],"wp:featuredmedia":[{"embeddable":true,"href":"https:\/\/www.paparazzinews.com.br\/index.php?rest_route=\/wp\/v2\/media\/8736"}],"wp:attachment":[{"href":"https:\/\/www.paparazzinews.com.br\/index.php?rest_route=%2Fwp%2Fv2%2Fmedia&parent=8735"}],"wp:term":[{"taxonomy":"category","embeddable":true,"href":"https:\/\/www.paparazzinews.com.br\/index.php?rest_route=%2Fwp%2Fv2%2Fcategories&post=8735"},{"taxonomy":"post_tag","embeddable":true,"href":"https:\/\/www.paparazzinews.com.br\/index.php?rest_route=%2Fwp%2Fv2%2Ftags&post=8735"}],"curies":[{"name":"wp","href":"https:\/\/api.w.org\/{rel}","templated":true}]}}