{"id":8648,"date":"2024-03-13T19:31:53","date_gmt":"2024-03-13T22:31:53","guid":{"rendered":"https:\/\/www.paparazzinews.com.br\/?p=8648"},"modified":"2024-03-13T19:31:55","modified_gmt":"2024-03-13T22:31:55","slug":"despedida-policial-que-atuou-na-forca-tatica-andradinense-se-torna-sargento-veterano","status":"publish","type":"post","link":"https:\/\/www.paparazzinews.com.br\/?p=8648","title":{"rendered":"DESPEDIDA: Policial que atuou na For\u00e7a T\u00e1tica andradinense se torna sargento veterano"},"content":{"rendered":"\n<p>O Cabo Dos Santos, do efetivo da 1\u00aa Companhia do 28\u00ba BPM\/I, passou nesta semana para a inatividade, sendo promovido \u00e0 gradua\u00e7\u00e3o de 3\u00ba Sargento. Policial ativo e dedicado, profissional de fino trato, cort\u00eas e proativo, dedicou toda a sua produtiva e prof\u00edcua carreira na \u00e1rea operacional, tendo trabalhado na For\u00e7a T\u00e1tica, ROCAM e R\u00e1dio Patrulhamento, sempre dedicado a servir \u00e0 sociedade paulista.<\/p>\n\n\n\n<p>Nesta quarta-feira, a 1\u00aa Companhia lhe preparou uma cerim\u00f4nia de despedida, que contou com a presen\u00e7a dos oficiais e pra\u00e7as do Batalh\u00e3o, al\u00e9m de colegas de servi\u00e7o e de sua fam\u00edlia. Na ocasi\u00e3o, Major Romansini, respons\u00e1vel pelo comando da Unidade, e Capit\u00e3o Diogo, comandante da 1\u00aa Cia, lhe parabenizaram por sua dedica\u00e7\u00e3o ao trabalho, profissionalismo e entusiasmo, at\u00e9 o seu \u00faltimo dia de servi\u00e7o, entregando a ele um Certificado de agradecimento.<\/p>\n\n\n\n<p>Por fim, ladeado pela esposa, filho e neto, o agora Sargento Dos Santos agradeceu a homenagem, enaltecendo seu amor e dedica\u00e7\u00e3o \u00e0 Pol\u00edcia Militar, que serviu com honestidade e entusiasmo.<br>Assistindo ao filme que fizeram de sua carreira, vendo fotos de sua atua\u00e7\u00e3o castrense, certamente deve ter pensado em seu \u00e2mago: &#8220;Valeu a pena, cumpri com meu dever, faria tudo de novo&#8221;, como em Tim\u00f3teo 4:7-8: Combati o bom combate, terminei a corrida, guardei a f\u00e9, agora me est\u00e1 reservada a coroa da justi\u00e7a, que o Senhor, justo Juiz, me dar\u00e1 naquele dia; e n\u00e3o somente a mim, mas tamb\u00e9m a todos os que amam a sua vinda.<\/p>\n\n\n\n<p><strong><em><strong><em><strong><strong><em><strong><em><strong>Siga nossas redes sociais no\u00a0<a href=\"https:\/\/www.instagram.com\/ronipaparazzi\/\">Instagram\u00a0<\/a>e\u00a0<a href=\"https:\/\/www.facebook.com\/ronipaparazzicomvoce\">Facebook<\/a>\u00a0participe da nossa comunidade do Canal Roni Paparazzi no Whatsapp e receba as principais not\u00edcias do dia direto no seu celular.<\/strong>\u00a0<a href=\"https:\/\/chat.whatsapp.com\/GsG1XKo0jPOEfjzudWQcml\" target=\"_blank\" rel=\"noreferrer noopener\">\u00a0Clique aqui e se inscreva.<\/a><\/em><\/strong><\/em><\/strong><\/strong><\/em><\/strong><\/em><\/strong><\/p>\n","protected":false},"excerpt":{"rendered":"<p>O Cabo Dos Santos, do efetivo da 1\u00aa Companhia do 28\u00ba BPM\/I, passou nesta semana para a inatividade, sendo promovido \u00e0 gradua\u00e7\u00e3o de 3\u00ba Sargento. Policial ativo e dedicado, profissional de fino trato, cort\u00eas e proativo, dedicou toda a sua produtiva e prof\u00edcua carreira na \u00e1rea operacional, tendo trabalhado na For\u00e7a T\u00e1tica, ROCAM e R\u00e1dio &hellip;<\/p>\n","protected":false},"author":1,"featured_media":8649,"comment_status":"open","ping_status":"open","sticky":false,"template":"","format":"standard","meta":{"_jetpack_memberships_contains_paid_content":false,"footnotes":"","jetpack_publicize_message":"","jetpack_publicize_feature_enabled":true,"jetpack_social_post_already_shared":false,"jetpack_social_options":{"image_generator_settings":{"template":"highway","default_image_id":0,"enabled":false},"version":2}},"categories":[3],"tags":[],"class_list":["post-8648","post","type-post","status-publish","format-standard","has-post-thumbnail","hentry","category-policial"],"jetpack_publicize_connections":[],"jetpack_featured_media_url":"https:\/\/i0.wp.com\/www.paparazzinews.com.br\/wp-content\/uploads\/2024\/03\/434b1a2a-6d28-4d59-84bf-d864b1d93797-e1710369036801.jpg?fit=1000%2C750&ssl=1","views":"5881","jetpack_likes_enabled":true,"jetpack_sharing_enabled":true,"_links":{"self":[{"href":"https:\/\/www.paparazzinews.com.br\/index.php?rest_route=\/wp\/v2\/posts\/8648","targetHints":{"allow":["GET"]}}],"collection":[{"href":"https:\/\/www.paparazzinews.com.br\/index.php?rest_route=\/wp\/v2\/posts"}],"about":[{"href":"https:\/\/www.paparazzinews.com.br\/index.php?rest_route=\/wp\/v2\/types\/post"}],"author":[{"embeddable":true,"href":"https:\/\/www.paparazzinews.com.br\/index.php?rest_route=\/wp\/v2\/users\/1"}],"replies":[{"embeddable":true,"href":"https:\/\/www.paparazzinews.com.br\/index.php?rest_route=%2Fwp%2Fv2%2Fcomments&post=8648"}],"version-history":[{"count":1,"href":"https:\/\/www.paparazzinews.com.br\/index.php?rest_route=\/wp\/v2\/posts\/8648\/revisions"}],"predecessor-version":[{"id":8650,"href":"https:\/\/www.paparazzinews.com.br\/index.php?rest_route=\/wp\/v2\/posts\/8648\/revisions\/8650"}],"wp:featuredmedia":[{"embeddable":true,"href":"https:\/\/www.paparazzinews.com.br\/index.php?rest_route=\/wp\/v2\/media\/8649"}],"wp:attachment":[{"href":"https:\/\/www.paparazzinews.com.br\/index.php?rest_route=%2Fwp%2Fv2%2Fmedia&parent=8648"}],"wp:term":[{"taxonomy":"category","embeddable":true,"href":"https:\/\/www.paparazzinews.com.br\/index.php?rest_route=%2Fwp%2Fv2%2Fcategories&post=8648"},{"taxonomy":"post_tag","embeddable":true,"href":"https:\/\/www.paparazzinews.com.br\/index.php?rest_route=%2Fwp%2Fv2%2Ftags&post=8648"}],"curies":[{"name":"wp","href":"https:\/\/api.w.org\/{rel}","templated":true}]}}