{"id":8634,"date":"2024-03-13T12:01:33","date_gmt":"2024-03-13T15:01:33","guid":{"rendered":"https:\/\/www.paparazzinews.com.br\/?p=8634"},"modified":"2024-03-13T12:01:33","modified_gmt":"2024-03-13T15:01:33","slug":"homenagem-policial-de-andradina-recebe-medalha","status":"publish","type":"post","link":"https:\/\/www.paparazzinews.com.br\/?p=8634","title":{"rendered":"HOMENAGEM: Policial de Andradina recebe medalha"},"content":{"rendered":"\n<p>A policial militar de Andradina SP, Renata Rafael da Silva, do 28\u00ba BPMI recebeu nesta ter\u00e7a-feira, 12\/03, a sua medalha de 2\u00ba grau da L\u00e1urea de M\u00e9rito Pessoal, durante solenidade no SESI de Ara\u00e7atuba SP, do CPI-10. Na oportunidade a comandante coronel Adriana Roledo Beluzzo prestigiou o evento.<\/p>\n\n\n\n<p>Os oficiais capit\u00e3o Jean, Valdomiro Garcia e Diogo estiveram representando o tenente coronel Fabio Akira de Andradina. O vereador Fabr\u00edcio Mazotti foi o padrinho da policial, ele teve a honra de colocar a medalha em seu peito.<\/p>\n\n\n\n<figure class=\"wp-block-image size-large\"><img data-recalc-dims=\"1\" loading=\"lazy\" decoding=\"async\" width=\"460\" height=\"1024\" src=\"https:\/\/i0.wp.com\/www.paparazzinews.com.br\/wp-content\/uploads\/2024\/03\/image-1.png?resize=460%2C1024&#038;ssl=1\" alt=\"\" class=\"wp-image-8637\" srcset=\"https:\/\/i0.wp.com\/www.paparazzinews.com.br\/wp-content\/uploads\/2024\/03\/image-1.png?resize=460%2C1024&amp;ssl=1 460w, https:\/\/i0.wp.com\/www.paparazzinews.com.br\/wp-content\/uploads\/2024\/03\/image-1.png?resize=135%2C300&amp;ssl=1 135w, https:\/\/i0.wp.com\/www.paparazzinews.com.br\/wp-content\/uploads\/2024\/03\/image-1.png?resize=690%2C1536&amp;ssl=1 690w, https:\/\/i0.wp.com\/www.paparazzinews.com.br\/wp-content\/uploads\/2024\/03\/image-1.png?w=719&amp;ssl=1 719w\" sizes=\"auto, (max-width: 460px) 100vw, 460px\" \/><\/figure>\n\n\n\n<p><strong>A OCORR\u00caNCIA: <\/strong><\/p>\n\n\n\n<p>Por ter em 26NOV23, quando no servi\u00e7o de Ronda Escolar pela cidade de Andradina\/SP, foi acionada via telefone por uma v\u00edtima de furto de uma bicicleta, que \u00e9 conhecida da graduada pelo servi\u00e7o de Ronda Escolar, por fazer parte do Gr\u00eamio Estudantil de uma das escolas da cidade, tamb\u00e9m um grande apreciador do trabalho da Pol\u00edcia Militar.<\/p>\n\n\n\n<p>A v\u00edtima relatou que teve sua bicicleta el\u00e9trica furtada na Rua Alexandre Salom\u00e3o e que populares relataram que a autora seria uma mulher de pele parda, que trajava vestido vermelho e cabelos curtos e essa teria tomado sentido Centro Cultural\/Av. Guanabara. Realizou patrulhamento pela referida avenida,<br>logrando \u00eaxito em abord\u00e1-la, e com a autora a bicicleta produto do furto, essa foi indagada sobre o<br>ocorrido e acabou por confessar a pr\u00e1tica do delito, foi dada voz de pris\u00e3o em flagrante delito pelo<br>furto e posterior foi conduzida \u00e0 Delegacia Seccional, sendo apresentada ao Del Plantonista, que<br>ratificou a voz de pris\u00e3o, ap\u00f3s a elabora\u00e7\u00e3o do flagrante, a indiciada permaneceu presa \u00e0<br>disposi\u00e7\u00e3o da Justi\u00e7a. <\/p>\n\n\n\n<p>A graduada em tela trabalhou com extrema sabedoria, dedica\u00e7\u00e3o, e comprometimento, demonstrando claramente o tiroc\u00ednio policial, assim enaltecendo o nome da Institui\u00e7\u00e3o Pol\u00edcia Militar do Estado de S\u00e3o Paulo, tendo como reconhecimento, elogios ao trabalho postado em redes sociais, bem como administra um grupo de mulheres denominado \u201cGrupo das Luluzinhas\u201d que arrecada todos os meses pacotes de caf\u00e9 para serem enviados ao Hospital de C\u00e2ncer de Barretos\/SP e que realiza palestras em escolas sobre seguran\u00e7a escolar e voluntariamente aplica teste de aptid\u00e3o f\u00edsica para quem passa na prova escrita para ingresso na PMESP.<\/p>\n\n\n\n<p><strong><em><strong><em><strong><strong><em><strong><em><strong>Siga nossas redes sociais no\u00a0<a href=\"https:\/\/www.instagram.com\/ronipaparazzi\/\">Instagram\u00a0<\/a>e\u00a0<a href=\"https:\/\/www.facebook.com\/ronipaparazzicomvoce\">Facebook<\/a>\u00a0participe da nossa comunidade do Canal Roni Paparazzi no Whatsapp e receba as principais not\u00edcias do dia direto no seu celular.<\/strong>\u00a0<a href=\"https:\/\/chat.whatsapp.com\/GsG1XKo0jPOEfjzudWQcml\" target=\"_blank\" rel=\"noreferrer noopener\">\u00a0Clique aqui e se inscreva.<\/a><\/em><\/strong><\/em><\/strong><\/strong><\/em><\/strong><\/em><\/strong><\/p>\n","protected":false},"excerpt":{"rendered":"<p>A policial militar de Andradina SP, Renata Rafael da Silva, do 28\u00ba BPMI recebeu nesta ter\u00e7a-feira, 12\/03, a sua medalha de 2\u00ba grau da L\u00e1urea de M\u00e9rito Pessoal, durante solenidade no SESI de Ara\u00e7atuba SP, do CPI-10. Na oportunidade a comandante coronel Adriana Roledo Beluzzo prestigiou o evento. Os oficiais capit\u00e3o Jean, Valdomiro Garcia e &hellip;<\/p>\n","protected":false},"author":1,"featured_media":8635,"comment_status":"open","ping_status":"open","sticky":false,"template":"","format":"standard","meta":{"_jetpack_memberships_contains_paid_content":false,"footnotes":"","jetpack_publicize_message":"","jetpack_publicize_feature_enabled":true,"jetpack_social_post_already_shared":false,"jetpack_social_options":{"image_generator_settings":{"template":"highway","default_image_id":0,"enabled":false},"version":2}},"categories":[3],"tags":[],"class_list":["post-8634","post","type-post","status-publish","format-standard","has-post-thumbnail","hentry","category-policial"],"jetpack_publicize_connections":[],"jetpack_featured_media_url":"https:\/\/i0.wp.com\/www.paparazzinews.com.br\/wp-content\/uploads\/2024\/03\/84f2b46b-494d-4dbc-a7b0-f2380c006a6e-e1710341988337.jpg?fit=1000%2C722&ssl=1","views":"1772","jetpack_likes_enabled":true,"jetpack_sharing_enabled":true,"_links":{"self":[{"href":"https:\/\/www.paparazzinews.com.br\/index.php?rest_route=\/wp\/v2\/posts\/8634","targetHints":{"allow":["GET"]}}],"collection":[{"href":"https:\/\/www.paparazzinews.com.br\/index.php?rest_route=\/wp\/v2\/posts"}],"about":[{"href":"https:\/\/www.paparazzinews.com.br\/index.php?rest_route=\/wp\/v2\/types\/post"}],"author":[{"embeddable":true,"href":"https:\/\/www.paparazzinews.com.br\/index.php?rest_route=\/wp\/v2\/users\/1"}],"replies":[{"embeddable":true,"href":"https:\/\/www.paparazzinews.com.br\/index.php?rest_route=%2Fwp%2Fv2%2Fcomments&post=8634"}],"version-history":[{"count":1,"href":"https:\/\/www.paparazzinews.com.br\/index.php?rest_route=\/wp\/v2\/posts\/8634\/revisions"}],"predecessor-version":[{"id":8638,"href":"https:\/\/www.paparazzinews.com.br\/index.php?rest_route=\/wp\/v2\/posts\/8634\/revisions\/8638"}],"wp:featuredmedia":[{"embeddable":true,"href":"https:\/\/www.paparazzinews.com.br\/index.php?rest_route=\/wp\/v2\/media\/8635"}],"wp:attachment":[{"href":"https:\/\/www.paparazzinews.com.br\/index.php?rest_route=%2Fwp%2Fv2%2Fmedia&parent=8634"}],"wp:term":[{"taxonomy":"category","embeddable":true,"href":"https:\/\/www.paparazzinews.com.br\/index.php?rest_route=%2Fwp%2Fv2%2Fcategories&post=8634"},{"taxonomy":"post_tag","embeddable":true,"href":"https:\/\/www.paparazzinews.com.br\/index.php?rest_route=%2Fwp%2Fv2%2Ftags&post=8634"}],"curies":[{"name":"wp","href":"https:\/\/api.w.org\/{rel}","templated":true}]}}