{"id":8580,"date":"2024-03-11T16:26:04","date_gmt":"2024-03-11T19:26:04","guid":{"rendered":"https:\/\/www.paparazzinews.com.br\/?p=8580"},"modified":"2024-03-11T16:26:05","modified_gmt":"2024-03-11T19:26:05","slug":"ex-presidiario-usa-faca-para-ameacar-idosos-pregadores-da-palavra-crista-em-castilho","status":"publish","type":"post","link":"https:\/\/www.paparazzinews.com.br\/?p=8580","title":{"rendered":"EX-PRESIDI\u00c1RIO: Usa faca para amea\u00e7ar idosos pregadores da palavra crist\u00e3 em Castilho"},"content":{"rendered":"\n<p>A Pol\u00edcia Militar de Castilho SP, prendeu um ex-presidi\u00e1rio morador de Andradina SP e apreendeu uma faca em sua posse, ele \u00e9 acusado de amea\u00e7ar dois idosos que realizavam prega\u00e7\u00e3o religiosa na sexta-feira, 08\/03. <\/p>\n\n\n\n<p>Os policiais em contato com as v\u00edtimas, relataram que estavam pela via realizando prega\u00e7\u00f5es religiosas quando foram interpelados por um indiv\u00edduo que, de forma agressiva, solicitou dinheiro \u00e0 ambos, os amea\u00e7ando com uma faca, e se evadindo em seguida.<\/p>\n\n\n\n<p>Em dilig\u00eancias, os policiais localizaram o autor, tratando-se de morador de Andradina, j\u00e1 com passagens criminais por roubo, amea\u00e7a e furto, egresso do sistema prisional em 2023. A faca foi encontrada em sua cintura.<\/p>\n\n\n\n<p>Encaminhado ao DP local, foi ouvido, indiciado por amea\u00e7a e porte de arma branca, e liberado.<\/p>\n\n\n\n<p><strong><em><strong><em><strong>Siga nossas redes sociais no\u00a0<a href=\"https:\/\/www.instagram.com\/ronipaparazzi\/\">Instagram\u00a0<\/a>e\u00a0<a href=\"https:\/\/www.facebook.com\/ronipaparazzicomvoce\">Facebook<\/a>\u00a0participe da nossa comunidade do Canal Roni Paparazzi no Whatsapp e receba as principais not\u00edcias do dia direto no seu celular.<\/strong>\u00a0<a href=\"https:\/\/chat.whatsapp.com\/GsG1XKo0jPOEfjzudWQcml\" target=\"_blank\" rel=\"noreferrer noopener\">\u00a0Clique aqui e se inscreva.<\/a><\/em><\/strong><\/em><\/strong><\/p>\n\n\n\n<p><a href=\"https:\/\/www.paparazzinews.com.br\/wp-admin\/post.php?post=8574&amp;action=edit\"><\/a><\/p>\n","protected":false},"excerpt":{"rendered":"<p>A Pol\u00edcia Militar de Castilho SP, prendeu um ex-presidi\u00e1rio morador de Andradina SP e apreendeu uma faca em sua posse, ele \u00e9 acusado de amea\u00e7ar dois idosos que realizavam prega\u00e7\u00e3o religiosa na sexta-feira, 08\/03. Os policiais em contato com as v\u00edtimas, relataram que estavam pela via realizando prega\u00e7\u00f5es religiosas quando foram interpelados por um indiv\u00edduo &hellip;<\/p>\n","protected":false},"author":1,"featured_media":8581,"comment_status":"open","ping_status":"open","sticky":false,"template":"","format":"standard","meta":{"_jetpack_memberships_contains_paid_content":false,"footnotes":"","jetpack_publicize_message":"","jetpack_publicize_feature_enabled":true,"jetpack_social_post_already_shared":false,"jetpack_social_options":{"image_generator_settings":{"template":"highway","default_image_id":0,"enabled":false},"version":2}},"categories":[3],"tags":[],"class_list":["post-8580","post","type-post","status-publish","format-standard","has-post-thumbnail","hentry","category-policial"],"jetpack_publicize_connections":[],"jetpack_featured_media_url":"https:\/\/i0.wp.com\/www.paparazzinews.com.br\/wp-content\/uploads\/2024\/03\/8f186507-8666-4265-bc97-c9a4c956d6d5.jpg?fit=447%2C454&ssl=1","views":"3199","jetpack_likes_enabled":true,"jetpack_sharing_enabled":true,"_links":{"self":[{"href":"https:\/\/www.paparazzinews.com.br\/index.php?rest_route=\/wp\/v2\/posts\/8580","targetHints":{"allow":["GET"]}}],"collection":[{"href":"https:\/\/www.paparazzinews.com.br\/index.php?rest_route=\/wp\/v2\/posts"}],"about":[{"href":"https:\/\/www.paparazzinews.com.br\/index.php?rest_route=\/wp\/v2\/types\/post"}],"author":[{"embeddable":true,"href":"https:\/\/www.paparazzinews.com.br\/index.php?rest_route=\/wp\/v2\/users\/1"}],"replies":[{"embeddable":true,"href":"https:\/\/www.paparazzinews.com.br\/index.php?rest_route=%2Fwp%2Fv2%2Fcomments&post=8580"}],"version-history":[{"count":1,"href":"https:\/\/www.paparazzinews.com.br\/index.php?rest_route=\/wp\/v2\/posts\/8580\/revisions"}],"predecessor-version":[{"id":8582,"href":"https:\/\/www.paparazzinews.com.br\/index.php?rest_route=\/wp\/v2\/posts\/8580\/revisions\/8582"}],"wp:featuredmedia":[{"embeddable":true,"href":"https:\/\/www.paparazzinews.com.br\/index.php?rest_route=\/wp\/v2\/media\/8581"}],"wp:attachment":[{"href":"https:\/\/www.paparazzinews.com.br\/index.php?rest_route=%2Fwp%2Fv2%2Fmedia&parent=8580"}],"wp:term":[{"taxonomy":"category","embeddable":true,"href":"https:\/\/www.paparazzinews.com.br\/index.php?rest_route=%2Fwp%2Fv2%2Fcategories&post=8580"},{"taxonomy":"post_tag","embeddable":true,"href":"https:\/\/www.paparazzinews.com.br\/index.php?rest_route=%2Fwp%2Fv2%2Ftags&post=8580"}],"curies":[{"name":"wp","href":"https:\/\/api.w.org\/{rel}","templated":true}]}}