{"id":8538,"date":"2024-03-11T11:32:13","date_gmt":"2024-03-11T14:32:13","guid":{"rendered":"https:\/\/www.paparazzinews.com.br\/?p=8538"},"modified":"2024-03-11T11:32:14","modified_gmt":"2024-03-11T14:32:14","slug":"pernas-esmagadas-crianca-de-11-anos-e-atropelada-por-onibus-no-caminho-da-escola","status":"publish","type":"post","link":"https:\/\/www.paparazzinews.com.br\/?p=8538","title":{"rendered":"PERNAS ESMAGADAS: Crian\u00e7a de 11 anos \u00e9 atropelada por \u00f4nibus no caminho da Escola"},"content":{"rendered":"\n<p>Uma menina de 11\u00a0anos de idade foi atropelada por um coletivo urbano e teve as pernas esmagadas, por volta das 7h desta segunda-feira (11\/3), nos cruzamentos das ruas General Glic\u00e9rio com Jos\u00e9 Nogueira de Carvalho, na regi\u00e3o central de S\u00e3o Jos\u00e9 do Rio Preto (SP). A informa\u00e7\u00e3o \u00e9 do Sbtinterior.<\/p>\n\n\n\n<p>Segundo a Pol\u00edcia Militar, a v\u00edtima estava indo para uma&nbsp;escola municipal&nbsp;quando atravessou a rua correndo e foi atingida; ela foi socorrida e encaminhada ao Hospital da Crian\u00e7a e Maternidade (HCM) em estado grave.&nbsp;<\/p>\n\n\n\n<p>\u201cO procedimento agora \u00e9 aguardar o levantamento da per\u00edcia e de algumas c\u00e2meras de seguran\u00e7a para termos a no\u00e7\u00e3o completa do espa\u00e7o. Ela (a v\u00edtima) desceu do \u00f4nibus com o irm\u00e3o de 13 anos para ir para a escola e n\u00e3o observou (o \u00f4nibus) virando a esquina. Quando foi socorrida,&nbsp;ela estava muito assustada, com a regi\u00e3o p\u00e9lvica do corpo muito lesionada, fratura na bacia e sangramento muito forte\u201d, afirmou o sargento da PM Donizete Barbosa Barros.<\/p>\n\n\n\n<p>A Secretaria Municipal de Tr\u00e2nsito e Transportes informou, por meio de nota, que lamenta o ocorrido e est\u00e1 colaborando para o esclarecimento dos fatos. Neste sentido, j\u00e1 foram solicitadas imagens de c\u00e2meras para auxiliar na apura\u00e7\u00e3o.<\/p>\n\n\n\n<p><strong><em><strong><em><strong>Siga nossas redes sociais no\u00a0<a href=\"https:\/\/www.instagram.com\/ronipaparazzi\/\">Instagram\u00a0<\/a>e\u00a0<a href=\"https:\/\/www.facebook.com\/ronipaparazzicomvoce\">Facebook<\/a>\u00a0participe da nossa comunidade do Canal Roni Paparazzi no Whatsapp e receba as principais not\u00edcias do dia direto no seu celular.<\/strong>\u00a0<a href=\"https:\/\/chat.whatsapp.com\/GsG1XKo0jPOEfjzudWQcml\" target=\"_blank\" rel=\"noreferrer noopener\">\u00a0Clique aqui e se inscreva.<\/a><\/em><\/strong><\/em><\/strong><\/p>\n","protected":false},"excerpt":{"rendered":"<p>Uma menina de 11\u00a0anos de idade foi atropelada por um coletivo urbano e teve as pernas esmagadas, por volta das 7h desta segunda-feira (11\/3), nos cruzamentos das ruas General Glic\u00e9rio com Jos\u00e9 Nogueira de Carvalho, na regi\u00e3o central de S\u00e3o Jos\u00e9 do Rio Preto (SP). A informa\u00e7\u00e3o \u00e9 do Sbtinterior. Segundo a Pol\u00edcia Militar, a &hellip;<\/p>\n","protected":false},"author":1,"featured_media":8539,"comment_status":"open","ping_status":"open","sticky":false,"template":"","format":"standard","meta":{"_jetpack_memberships_contains_paid_content":false,"footnotes":"","jetpack_publicize_message":"","jetpack_publicize_feature_enabled":true,"jetpack_social_post_already_shared":false,"jetpack_social_options":{"image_generator_settings":{"template":"highway","default_image_id":0,"enabled":false},"version":2}},"categories":[3],"tags":[],"class_list":["post-8538","post","type-post","status-publish","format-standard","has-post-thumbnail","hentry","category-policial"],"jetpack_publicize_connections":[],"jetpack_featured_media_url":"https:\/\/i0.wp.com\/www.paparazzinews.com.br\/wp-content\/uploads\/2024\/03\/menina-de-10-anos-e-atropelada-por-coletivo-urbano-em-rio-preto-110324_090734.jpg?fit=675%2C400&ssl=1","views":"2305","jetpack_likes_enabled":true,"jetpack_sharing_enabled":true,"_links":{"self":[{"href":"https:\/\/www.paparazzinews.com.br\/index.php?rest_route=\/wp\/v2\/posts\/8538","targetHints":{"allow":["GET"]}}],"collection":[{"href":"https:\/\/www.paparazzinews.com.br\/index.php?rest_route=\/wp\/v2\/posts"}],"about":[{"href":"https:\/\/www.paparazzinews.com.br\/index.php?rest_route=\/wp\/v2\/types\/post"}],"author":[{"embeddable":true,"href":"https:\/\/www.paparazzinews.com.br\/index.php?rest_route=\/wp\/v2\/users\/1"}],"replies":[{"embeddable":true,"href":"https:\/\/www.paparazzinews.com.br\/index.php?rest_route=%2Fwp%2Fv2%2Fcomments&post=8538"}],"version-history":[{"count":1,"href":"https:\/\/www.paparazzinews.com.br\/index.php?rest_route=\/wp\/v2\/posts\/8538\/revisions"}],"predecessor-version":[{"id":8540,"href":"https:\/\/www.paparazzinews.com.br\/index.php?rest_route=\/wp\/v2\/posts\/8538\/revisions\/8540"}],"wp:featuredmedia":[{"embeddable":true,"href":"https:\/\/www.paparazzinews.com.br\/index.php?rest_route=\/wp\/v2\/media\/8539"}],"wp:attachment":[{"href":"https:\/\/www.paparazzinews.com.br\/index.php?rest_route=%2Fwp%2Fv2%2Fmedia&parent=8538"}],"wp:term":[{"taxonomy":"category","embeddable":true,"href":"https:\/\/www.paparazzinews.com.br\/index.php?rest_route=%2Fwp%2Fv2%2Fcategories&post=8538"},{"taxonomy":"post_tag","embeddable":true,"href":"https:\/\/www.paparazzinews.com.br\/index.php?rest_route=%2Fwp%2Fv2%2Ftags&post=8538"}],"curies":[{"name":"wp","href":"https:\/\/api.w.org\/{rel}","templated":true}]}}