{"id":8502,"date":"2024-03-07T16:08:01","date_gmt":"2024-03-07T19:08:01","guid":{"rendered":"https:\/\/www.paparazzinews.com.br\/?p=8502"},"modified":"2024-03-07T16:08:02","modified_gmt":"2024-03-07T19:08:02","slug":"estagiarios-forca-tatica-de-andradina-inicia-formacao-de-3-novos-integrantes","status":"publish","type":"post","link":"https:\/\/www.paparazzinews.com.br\/?p=8502","title":{"rendered":"ESTAGI\u00c1RIOS: For\u00e7a T\u00e1tica de Andradina inicia forma\u00e7\u00e3o de 3 novos integrantes"},"content":{"rendered":"\n<p>A Companhia de For\u00e7a T\u00e1tica do 28\u00ba BPM\/I, sediada em Andradina iniciou, na manh\u00e3 desta ter\u00e7a-feira 05\/03, a forma\u00e7\u00e3o de 03 novos integrantes. O 1\u00ba Sgt Voltarelli, Cabo Miloch e Cabo Teramusse, todos de Mirand\u00f3polis, iniciaram nesta data o est\u00e1gio de forma\u00e7\u00e3o, para se integrarem ao grupo.<\/p>\n\n\n\n<p>Os tr\u00eas policiais militares j\u00e1 atuam na \u00e1rea da 3\u00aa Companhia em apoio ao policiamento de \u00e1rea, e agora ir\u00e3o receber os conhecimentos necess\u00e1rios para o nivelamento da atua\u00e7\u00e3o, e futuramente ir\u00e3o compor mais uma equipe, que tem atua\u00e7\u00e3o em toda a \u00e1rea do 28\u00ba BPM\/I, em suas 12 cidades.<\/p>\n\n\n\n<p>A For\u00e7a T\u00e1tica \u00e9 tropa reserva do comando da Unidade, e sua atua\u00e7\u00e3o \u00e9 predominantemente de apoio ao policiamento de \u00e1rea, al\u00e9m do atendimento de ocorr\u00eancias de gravidade, ultraviolentas, combate ao crime organizado, tr\u00e1fico de drogas e armas, atua\u00e7\u00e3o como Pelot\u00e3o de Choque em a\u00e7\u00f5es de restabelecimento da ordem p\u00fablica, atua\u00e7\u00e3o em ocorr\u00eancias em pres\u00eddios e rodovias.<\/p>\n\n\n\n<p>Suas equipes s\u00e3o compostas por 03 ou 04 integrantes, ocupando sempre viatura de grande porte. Realizam o patrulhamento com armas longas como fuzis calibres 5.56 mm e 7.62 mm, espingarda calibre 12, muni\u00e7\u00e3o sobressalente, muni\u00e7\u00e3o qu\u00edmica, escudos e capacetes bal\u00edsticos, al\u00e9m de outros equipamentos de apoio.<\/p>\n\n\n\n<p>Para ingresso, \u00e9 necess\u00e1rio frequentar e ser aprovado em est\u00e1gio, que tem dura\u00e7\u00e3o de 90 dias, em que o \u201caluno\u201d \u201cestagi\u00e1rio\u201d atua em todas as equipes, tendo como preceptor (mestre instrutor), um integrante mais experiente.<\/p>\n\n\n\n<p>Ao final do est\u00e1gio, se aprovado, \u00e9 integrado ao Pelot\u00e3o ou Companhia em solenidade de entrega de bra\u00e7al, passando a integrar uma equipe em definitivo.<\/p>\n\n\n\n<p><strong><em><strong><em><strong>Siga nossas redes sociais no\u00a0<a href=\"https:\/\/www.instagram.com\/ronipaparazzi\/\">Instagram\u00a0<\/a>e\u00a0<a href=\"https:\/\/www.facebook.com\/ronipaparazzicomvoce\">Facebook<\/a>\u00a0participe da nossa comunidade do Canal Roni Paparazzi no Whatsapp e receba as principais not\u00edcias do dia direto no seu celular.<\/strong>\u00a0<a href=\"https:\/\/chat.whatsapp.com\/GsG1XKo0jPOEfjzudWQcml\" target=\"_blank\" rel=\"noreferrer noopener\">\u00a0Clique aqui e se inscreva.<\/a><\/em><\/strong><\/em><\/strong><\/p>\n","protected":false},"excerpt":{"rendered":"<p>A Companhia de For\u00e7a T\u00e1tica do 28\u00ba BPM\/I, sediada em Andradina iniciou, na manh\u00e3 desta ter\u00e7a-feira 05\/03, a forma\u00e7\u00e3o de 03 novos integrantes. O 1\u00ba Sgt Voltarelli, Cabo Miloch e Cabo Teramusse, todos de Mirand\u00f3polis, iniciaram nesta data o est\u00e1gio de forma\u00e7\u00e3o, para se integrarem ao grupo. Os tr\u00eas policiais militares j\u00e1 atuam na \u00e1rea &hellip;<\/p>\n","protected":false},"author":1,"featured_media":8503,"comment_status":"open","ping_status":"open","sticky":false,"template":"","format":"standard","meta":{"_jetpack_memberships_contains_paid_content":false,"footnotes":"","jetpack_publicize_message":"","jetpack_publicize_feature_enabled":true,"jetpack_social_post_already_shared":false,"jetpack_social_options":{"image_generator_settings":{"template":"highway","default_image_id":0,"enabled":false},"version":2}},"categories":[3],"tags":[],"class_list":["post-8502","post","type-post","status-publish","format-standard","has-post-thumbnail","hentry","category-policial"],"jetpack_publicize_connections":[],"jetpack_featured_media_url":"https:\/\/i0.wp.com\/www.paparazzinews.com.br\/wp-content\/uploads\/2024\/03\/6ca28d09-3d36-48c9-8d6e-d7fd008c618e-e1709838474888.jpg?fit=1000%2C414&ssl=1","views":"3090","jetpack_likes_enabled":true,"jetpack_sharing_enabled":true,"_links":{"self":[{"href":"https:\/\/www.paparazzinews.com.br\/index.php?rest_route=\/wp\/v2\/posts\/8502","targetHints":{"allow":["GET"]}}],"collection":[{"href":"https:\/\/www.paparazzinews.com.br\/index.php?rest_route=\/wp\/v2\/posts"}],"about":[{"href":"https:\/\/www.paparazzinews.com.br\/index.php?rest_route=\/wp\/v2\/types\/post"}],"author":[{"embeddable":true,"href":"https:\/\/www.paparazzinews.com.br\/index.php?rest_route=\/wp\/v2\/users\/1"}],"replies":[{"embeddable":true,"href":"https:\/\/www.paparazzinews.com.br\/index.php?rest_route=%2Fwp%2Fv2%2Fcomments&post=8502"}],"version-history":[{"count":1,"href":"https:\/\/www.paparazzinews.com.br\/index.php?rest_route=\/wp\/v2\/posts\/8502\/revisions"}],"predecessor-version":[{"id":8504,"href":"https:\/\/www.paparazzinews.com.br\/index.php?rest_route=\/wp\/v2\/posts\/8502\/revisions\/8504"}],"wp:featuredmedia":[{"embeddable":true,"href":"https:\/\/www.paparazzinews.com.br\/index.php?rest_route=\/wp\/v2\/media\/8503"}],"wp:attachment":[{"href":"https:\/\/www.paparazzinews.com.br\/index.php?rest_route=%2Fwp%2Fv2%2Fmedia&parent=8502"}],"wp:term":[{"taxonomy":"category","embeddable":true,"href":"https:\/\/www.paparazzinews.com.br\/index.php?rest_route=%2Fwp%2Fv2%2Fcategories&post=8502"},{"taxonomy":"post_tag","embeddable":true,"href":"https:\/\/www.paparazzinews.com.br\/index.php?rest_route=%2Fwp%2Fv2%2Ftags&post=8502"}],"curies":[{"name":"wp","href":"https:\/\/api.w.org\/{rel}","templated":true}]}}