{"id":8455,"date":"2024-03-06T11:44:58","date_gmt":"2024-03-06T14:44:58","guid":{"rendered":"https:\/\/www.paparazzinews.com.br\/?p=8455"},"modified":"2024-03-06T11:44:59","modified_gmt":"2024-03-06T14:44:59","slug":"briga-homem-mata-colega-com-3-tiros-no-peito","status":"publish","type":"post","link":"https:\/\/www.paparazzinews.com.br\/?p=8455","title":{"rendered":"BRIGA: Homem mata colega com 3 tiros no peito"},"content":{"rendered":"\n<p>A Pol\u00edcia Civil de Bady Bassitt, na regi\u00e3o Metropolitana de S\u00e3o Jos\u00e9 do Rio Preto (SP) prendeu nesta ter\u00e7a-feira (5\/3) o jovem suspeito de ter matado a tiros Pedro Afonso Dias, no \u00faltimo domingo (3\/3) em uma avenida da cidade.\u00a0Os dois eram amigos. A informa\u00e7\u00e3o \u00e9 do Sbtinterior.<\/p>\n\n\n\n<p>Segundo a pol\u00edcia, os investigadores chegaram at\u00e9 o suspeito por meio de um levantamento feito pelo setor de intelig\u00eancia. Ele estava escondido em Rio Preto e vai ficar preso temporariamente na carceragem da DEIC.<\/p>\n\n\n\n<p>No dia do crime, Pedro estava em um posto de combust\u00edveis acompanhado do primo e do suspeito, quando ele e o amigo come\u00e7aram a discutir. Pedro e o primo dele foram embora, mas o suspeito os alcan\u00e7ou com uma moto e disparou tr\u00eas tiros no peito da v\u00edtima.<\/p>\n\n\n\n<p>Pedro chegou a ser levado para o pronto-socorro, mas n\u00e3o resistiu.&nbsp;<\/p>\n\n\n\n<p><strong><em><strong><em><strong>Siga nossas redes sociais no\u00a0<a href=\"https:\/\/www.instagram.com\/ronipaparazzi\/\">Instagram\u00a0<\/a>e\u00a0<a href=\"https:\/\/www.facebook.com\/ronipaparazzicomvoce\">Facebook<\/a>\u00a0participe da nossa comunidade do Canal Roni Paparazzi no Whatsapp e receba as principais not\u00edcias do dia direto no seu celular.<\/strong>\u00a0<a href=\"https:\/\/chat.whatsapp.com\/GsG1XKo0jPOEfjzudWQcml\" target=\"_blank\" rel=\"noreferrer noopener\">\u00a0Clique aqui e se inscreva.<\/a><\/em><\/strong><\/em><\/strong><\/p>\n","protected":false},"excerpt":{"rendered":"<p>A Pol\u00edcia Civil de Bady Bassitt, na regi\u00e3o Metropolitana de S\u00e3o Jos\u00e9 do Rio Preto (SP) prendeu nesta ter\u00e7a-feira (5\/3) o jovem suspeito de ter matado a tiros Pedro Afonso Dias, no \u00faltimo domingo (3\/3) em uma avenida da cidade.\u00a0Os dois eram amigos. A informa\u00e7\u00e3o \u00e9 do Sbtinterior. Segundo a pol\u00edcia, os investigadores chegaram at\u00e9 &hellip;<\/p>\n","protected":false},"author":1,"featured_media":8456,"comment_status":"open","ping_status":"open","sticky":false,"template":"","format":"standard","meta":{"_jetpack_memberships_contains_paid_content":false,"footnotes":"","jetpack_publicize_message":"","jetpack_publicize_feature_enabled":true,"jetpack_social_post_already_shared":false,"jetpack_social_options":{"image_generator_settings":{"template":"highway","default_image_id":0,"enabled":false},"version":2}},"categories":[3],"tags":[],"class_list":["post-8455","post","type-post","status-publish","format-standard","has-post-thumbnail","hentry","category-policial"],"jetpack_publicize_connections":[],"jetpack_featured_media_url":"https:\/\/i0.wp.com\/www.paparazzinews.com.br\/wp-content\/uploads\/2024\/03\/policia-civil-prende-suspeito-de-matar-o-amigo-em-bady-bassitt-050324_033845.jpg?fit=600%2C510&ssl=1","views":"3727","jetpack_likes_enabled":true,"jetpack_sharing_enabled":true,"_links":{"self":[{"href":"https:\/\/www.paparazzinews.com.br\/index.php?rest_route=\/wp\/v2\/posts\/8455","targetHints":{"allow":["GET"]}}],"collection":[{"href":"https:\/\/www.paparazzinews.com.br\/index.php?rest_route=\/wp\/v2\/posts"}],"about":[{"href":"https:\/\/www.paparazzinews.com.br\/index.php?rest_route=\/wp\/v2\/types\/post"}],"author":[{"embeddable":true,"href":"https:\/\/www.paparazzinews.com.br\/index.php?rest_route=\/wp\/v2\/users\/1"}],"replies":[{"embeddable":true,"href":"https:\/\/www.paparazzinews.com.br\/index.php?rest_route=%2Fwp%2Fv2%2Fcomments&post=8455"}],"version-history":[{"count":1,"href":"https:\/\/www.paparazzinews.com.br\/index.php?rest_route=\/wp\/v2\/posts\/8455\/revisions"}],"predecessor-version":[{"id":8457,"href":"https:\/\/www.paparazzinews.com.br\/index.php?rest_route=\/wp\/v2\/posts\/8455\/revisions\/8457"}],"wp:featuredmedia":[{"embeddable":true,"href":"https:\/\/www.paparazzinews.com.br\/index.php?rest_route=\/wp\/v2\/media\/8456"}],"wp:attachment":[{"href":"https:\/\/www.paparazzinews.com.br\/index.php?rest_route=%2Fwp%2Fv2%2Fmedia&parent=8455"}],"wp:term":[{"taxonomy":"category","embeddable":true,"href":"https:\/\/www.paparazzinews.com.br\/index.php?rest_route=%2Fwp%2Fv2%2Fcategories&post=8455"},{"taxonomy":"post_tag","embeddable":true,"href":"https:\/\/www.paparazzinews.com.br\/index.php?rest_route=%2Fwp%2Fv2%2Ftags&post=8455"}],"curies":[{"name":"wp","href":"https:\/\/api.w.org\/{rel}","templated":true}]}}