{"id":8437,"date":"2024-03-04T16:55:14","date_gmt":"2024-03-04T19:55:14","guid":{"rendered":"https:\/\/www.paparazzinews.com.br\/?p=8437"},"modified":"2024-03-04T16:55:15","modified_gmt":"2024-03-04T19:55:15","slug":"vai-chover-semana-promete-ser-de-muita-chuva-veja-a-previsao-do-tempo","status":"publish","type":"post","link":"https:\/\/www.paparazzinews.com.br\/?p=8437","title":{"rendered":"VAI CHOVER: Semana promete ser de muita chuva, veja a previs\u00e3o do tempo"},"content":{"rendered":"\n<p>A semana promete ser bastante chuvosa na cidade de S\u00e3o Paulo, conforme previs\u00e3o dos meteorologistas. Segundo o Centro de Gerenciamento de Emerg\u00eancias (CGE) da Prefeitura de S\u00e3o Paulo, na ter\u00e7a-feira, 5, o calor e a aproxima\u00e7\u00e3o de uma frente fria criam \u00e1reas de instabilidade que provocam pancadas de chuva no per\u00edodo da tarde. A sensa\u00e7\u00e3o de tempo abafado permanece. A informa\u00e7\u00e3o \u00e9 do Estad\u00e3o.<br><br>&#8220;H\u00e1 potencial para rajadas de vento e forma\u00e7\u00e3o de alagamentos. \u00c9 importante ter aten\u00e7\u00e3o em caso de situa\u00e7\u00e3o de risco&#8221;, alerta o \u00f3rg\u00e3o municipal.<\/p>\n\n\n\n<p>De acordo com a Meteoblue, a previs\u00e3o para chuva permanece pelo menos at\u00e9 o pr\u00f3ximo domingo, 10, sendo as precipita\u00e7\u00f5es mais intensas na quarta-feira, 6, e entre sexta, 8, e s\u00e1bado, 9.<\/p>\n\n\n\n<p>A Defesa Civil do Estado de S\u00e3o Paulo alerta para que as pessoas n\u00e3o enfrentem \u00e1reas alagadas ou com enxurradas, procurem permanecer em locais cobertos e evitem permanecer parados embaixo de \u00e1rvores. &#8220;Uma l\u00e2mina com 15cm de \u00e1gua pode arrastar uma pessoa e com 30cm levar um autom\u00f3vel.&#8221;<\/p>\n\n\n\n<p>Nesta segunda-feira, 4, o sol brilha forte, segundo o CGE, o que incide em um dia de bastante calor. A m\u00e1xima deve ficar em 31\u00baC. No fim da tarde, a quantidade de nuvens aumenta com a chegada da brisa mar\u00edtima, mas n\u00e3o h\u00e1 expectativa de chuva.<\/p>\n\n\n\n<p>Nesta semana, segundo a Meteoblue, as temperaturas devem ficam um pouco mais amenas entre quarta, 6, e quinta-feira, 7.<\/p>\n\n\n\n<p><strong>Veja a previs\u00e3o de temperatura para S\u00e3o Paulo:<\/strong><\/p>\n\n\n\n<p>&#8211; Segunda-feira: entre 20\u00baC e 31\u00baC;<\/p>\n\n\n\n<p>&#8211; Ter\u00e7a-feira: entre 21\u00baC e 32\u00baC;<\/p>\n\n\n\n<p>&#8211; Quarta-feira: entre 21\u00baC e 26\u00baC;<\/p>\n\n\n\n<p>&#8211; Quinta-feira: entre 21\u00baC e 26\u00baC;<\/p>\n\n\n\n<p>&#8211; Sexta-feira: entre 20\u00baC e 28\u00baC;<\/p>\n\n\n\n<p>&#8211; S\u00e1bado: entre 21\u00baC e 29\u00baC;<\/p>\n\n\n\n<p>&#8211; Domingo: entre 21\u00baC e 28\u00baC.<\/p>\n\n\n\n<p>Calor, chuva e previs\u00e3o de ciclone para mar\u00e7o<\/p>\n\n\n\n<p>As temperaturas devem permanecer elevadas em mar\u00e7o. A expectativa \u00e9 de que seja um m\u00eas predominantemente quente e abafado em diversas \u00e1reas do Brasil. S\u00e3o esperadas tr\u00eas a quatro frentes frias passando pela costa do Sul e do Sudeste do Pa\u00eds durante o m\u00eas, mas devem ser quase todas oce\u00e2nicas, de acordo com proje\u00e7\u00e3o da empresa Climatempo.<\/p>\n\n\n\n<p>No Estado de S\u00e3o Paulo, o calor que atinge a capital paulista \u00e9 caracter\u00edstico do ver\u00e3o e deve permanecer pelo menos ao longo das pr\u00f3ximas duas semanas. A m\u00e1xima deve ficar na casa dos 30\u00baC, com exce\u00e7\u00e3o de alguns dias, e h\u00e1 possibilidade de chuva, principalmente entre os per\u00edodos da tarde e da noite.<\/p>\n\n\n\n<p>&#8220;N\u00e3o se pode descartar tamb\u00e9m a possibilidade de ondas de calor em \u00e1reas do Sul do Pa\u00eds, principalmente no oeste do Paran\u00e1, e tamb\u00e9m em Mato Grosso do Sul, e no oeste de S\u00e3o Paulo ao longo do m\u00eas de mar\u00e7o&#8221;, estima a Climatempo.<\/p>\n\n\n\n<p>Mar\u00e7o n\u00e3o ter\u00e1 tanta chuva como em anos anteriores. &#8220;Mesmo enfraquecendo, o El Ni\u00f1o ainda ter\u00e1 poder para deixar a circula\u00e7\u00e3o de ventos menos favor\u00e1vel \u00e0 chuva. As pancadas v\u00e3o ocorrer e ser\u00e3o fortes em v\u00e1rios momentos, mas menos frequentes do que seria o normal e com grande irregularidade espacial&#8221;, refor\u00e7a a empresa de meteorologia.<\/p>\n\n\n\n<p>H\u00e1 risco para a ocorr\u00eancia de ciclones em mar\u00e7o?<\/p>\n\n\n\n<p>&#8220;Ainda n\u00e3o tem indicativo de ciclones at\u00edpicos, mas por termos em mar\u00e7o o maior aquecimento do Atl\u00e2ntico Sul, n\u00e3o d\u00e1 pra descartar a forma\u00e7\u00e3o de algum novo ciclone tropical\/subtropical na costa do Sul ou do Sudeste&#8221;, alerta a Climatempo.<\/p>\n\n\n\n<p>Por causa da passagem de frentes frias e poss\u00edvel forma\u00e7\u00e3o de uma baixa press\u00e3o atmosf\u00e9rica intensa, que poderia se transformar em um ciclone, h\u00e1 um risco moderado para extremo de chuva no litoral do Paran\u00e1, de S\u00e3o Paulo e do Rio.<\/p>\n\n\n\n<p><strong><em><strong><em><strong>Siga nossas redes sociais no\u00a0<a href=\"https:\/\/www.instagram.com\/ronipaparazzi\/\">Instagram\u00a0<\/a>e\u00a0<a href=\"https:\/\/www.facebook.com\/ronipaparazzicomvoce\">Facebook<\/a>\u00a0participe da nossa comunidade do Canal Roni Paparazzi no Whatsapp e receba as principais not\u00edcias do dia direto no seu celular.<\/strong>\u00a0<a href=\"https:\/\/chat.whatsapp.com\/GsG1XKo0jPOEfjzudWQcml\" target=\"_blank\" rel=\"noreferrer noopener\">\u00a0Clique aqui e se inscreva.<\/a><\/em><\/strong><\/em><\/strong><\/p>\n","protected":false},"excerpt":{"rendered":"<p>A semana promete ser bastante chuvosa na cidade de S\u00e3o Paulo, conforme previs\u00e3o dos meteorologistas. Segundo o Centro de Gerenciamento de Emerg\u00eancias (CGE) da Prefeitura de S\u00e3o Paulo, na ter\u00e7a-feira, 5, o calor e a aproxima\u00e7\u00e3o de uma frente fria criam \u00e1reas de instabilidade que provocam pancadas de chuva no per\u00edodo da tarde. A sensa\u00e7\u00e3o &hellip;<\/p>\n","protected":false},"author":1,"featured_media":8438,"comment_status":"open","ping_status":"open","sticky":false,"template":"","format":"standard","meta":{"_jetpack_memberships_contains_paid_content":false,"footnotes":"","jetpack_publicize_message":"","jetpack_publicize_feature_enabled":true,"jetpack_social_post_already_shared":false,"jetpack_social_options":{"image_generator_settings":{"template":"highway","default_image_id":0,"enabled":false},"version":2}},"categories":[4],"tags":[],"class_list":["post-8437","post","type-post","status-publish","format-standard","has-post-thumbnail","hentry","category-regiao"],"jetpack_publicize_connections":[],"jetpack_featured_media_url":"https:\/\/i0.wp.com\/www.paparazzinews.com.br\/wp-content\/uploads\/2024\/03\/vai-chover-em-sao-paulo-veja-a-previsao-do-tempo-040324_114508.jpg?fit=600%2C403&ssl=1","views":"3116","jetpack_likes_enabled":true,"jetpack_sharing_enabled":true,"_links":{"self":[{"href":"https:\/\/www.paparazzinews.com.br\/index.php?rest_route=\/wp\/v2\/posts\/8437","targetHints":{"allow":["GET"]}}],"collection":[{"href":"https:\/\/www.paparazzinews.com.br\/index.php?rest_route=\/wp\/v2\/posts"}],"about":[{"href":"https:\/\/www.paparazzinews.com.br\/index.php?rest_route=\/wp\/v2\/types\/post"}],"author":[{"embeddable":true,"href":"https:\/\/www.paparazzinews.com.br\/index.php?rest_route=\/wp\/v2\/users\/1"}],"replies":[{"embeddable":true,"href":"https:\/\/www.paparazzinews.com.br\/index.php?rest_route=%2Fwp%2Fv2%2Fcomments&post=8437"}],"version-history":[{"count":1,"href":"https:\/\/www.paparazzinews.com.br\/index.php?rest_route=\/wp\/v2\/posts\/8437\/revisions"}],"predecessor-version":[{"id":8439,"href":"https:\/\/www.paparazzinews.com.br\/index.php?rest_route=\/wp\/v2\/posts\/8437\/revisions\/8439"}],"wp:featuredmedia":[{"embeddable":true,"href":"https:\/\/www.paparazzinews.com.br\/index.php?rest_route=\/wp\/v2\/media\/8438"}],"wp:attachment":[{"href":"https:\/\/www.paparazzinews.com.br\/index.php?rest_route=%2Fwp%2Fv2%2Fmedia&parent=8437"}],"wp:term":[{"taxonomy":"category","embeddable":true,"href":"https:\/\/www.paparazzinews.com.br\/index.php?rest_route=%2Fwp%2Fv2%2Fcategories&post=8437"},{"taxonomy":"post_tag","embeddable":true,"href":"https:\/\/www.paparazzinews.com.br\/index.php?rest_route=%2Fwp%2Fv2%2Ftags&post=8437"}],"curies":[{"name":"wp","href":"https:\/\/api.w.org\/{rel}","templated":true}]}}