{"id":837,"date":"2022-09-27T11:00:41","date_gmt":"2022-09-27T14:00:41","guid":{"rendered":"https:\/\/www.paparazzinews.com.br\/?p=837"},"modified":"2022-09-27T11:00:42","modified_gmt":"2022-09-27T14:00:42","slug":"lancamento-de-distrito-turistico-em-andradina-acontece-no-acqualinda","status":"publish","type":"post","link":"https:\/\/www.paparazzinews.com.br\/?p=837","title":{"rendered":"Lan\u00e7amento de Distrito Tur\u00edstico em Andradina acontece no Acqualinda"},"content":{"rendered":"\n<p>Na pr\u00f3xima quarta-feira (28) uma cerim\u00f4nia \u00e0s 11 horas no Parque Acqu\u00e1tico Acqualinda marcar\u00e1 o lan\u00e7amento oficial do Distrito Tur\u00edstico de Andradina. O evento que tem como anfitri\u00e3o o prefeito M\u00e1rio Celso Lopes, contar\u00e1 com a presen\u00e7a do Secret\u00e1rio de Estado do Turismo, Vin\u00edcius Limmertz, do Secret\u00e1rio de Governo Marcos Penido e do Superintendente do Sebrae Marcos Vinholi. A conquista repercute positivamente entre empres\u00e1rios que j\u00e1 investem no trade tur\u00edstico local.<\/p>\n\n\n\n<p>O Distrito Tur\u00edstico de Andradina vai abranger a \u00e1rea de desenvolvimento hoteleiro, na zona urbana, e outras \u00e1reas de interesse de desenvolvimento tur\u00edstico de Andradina.<\/p>\n\n\n\n<p>A \u00e1rea contemplada com o Distrito possui a maior concentra\u00e7\u00e3o de investimentos do setor, bem futuros investimentos que que ser\u00e3o aportados no per\u00edmetro.<\/p>\n\n\n\n<p>O Distrito \u00e9 uma \u00e1rea tutelada pelo Estado onde se desenvolver\u00e1 alguns pol\u00edticas de incentivo ao desenvolvimento da atividade tur\u00edstica na cidade.<\/p>\n\n\n\n<p>Ao se instalar em um distrito se tem a facilidade de financiamento e a contrapartida de investimento e infraestrutura urbana e tur\u00edstica \u2013 Aeroporto, estradas, \u00e1gua, luz, esgoto, telefone, celular, internet, TV a cabo, fibra \u00f3tica, entre outros.<\/p>\n","protected":false},"excerpt":{"rendered":"<p>Na pr\u00f3xima quarta-feira (28) uma cerim\u00f4nia \u00e0s 11 horas no Parque Acqu\u00e1tico Acqualinda marcar\u00e1 o lan\u00e7amento oficial do Distrito Tur\u00edstico de Andradina. O evento que tem como anfitri\u00e3o o prefeito M\u00e1rio Celso Lopes, contar\u00e1 com a presen\u00e7a do Secret\u00e1rio de Estado do Turismo, Vin\u00edcius Limmertz, do Secret\u00e1rio de Governo Marcos Penido e do Superintendente do &hellip;<\/p>\n","protected":false},"author":1,"featured_media":838,"comment_status":"open","ping_status":"open","sticky":false,"template":"","format":"standard","meta":{"_jetpack_memberships_contains_paid_content":false,"footnotes":"","jetpack_publicize_message":"","jetpack_publicize_feature_enabled":true,"jetpack_social_post_already_shared":false,"jetpack_social_options":{"image_generator_settings":{"template":"highway","default_image_id":0,"enabled":false},"version":2}},"categories":[4],"tags":[],"class_list":["post-837","post","type-post","status-publish","format-standard","has-post-thumbnail","hentry","category-regiao"],"jetpack_publicize_connections":[],"jetpack_featured_media_url":"https:\/\/i0.wp.com\/www.paparazzinews.com.br\/wp-content\/uploads\/2022\/09\/8f15ec02-fb64-410f-b972-545575a9e4ee-e1664287230686.jpg?fit=1000%2C1000&ssl=1","views":"3015","jetpack_likes_enabled":true,"jetpack_sharing_enabled":true,"_links":{"self":[{"href":"https:\/\/www.paparazzinews.com.br\/index.php?rest_route=\/wp\/v2\/posts\/837","targetHints":{"allow":["GET"]}}],"collection":[{"href":"https:\/\/www.paparazzinews.com.br\/index.php?rest_route=\/wp\/v2\/posts"}],"about":[{"href":"https:\/\/www.paparazzinews.com.br\/index.php?rest_route=\/wp\/v2\/types\/post"}],"author":[{"embeddable":true,"href":"https:\/\/www.paparazzinews.com.br\/index.php?rest_route=\/wp\/v2\/users\/1"}],"replies":[{"embeddable":true,"href":"https:\/\/www.paparazzinews.com.br\/index.php?rest_route=%2Fwp%2Fv2%2Fcomments&post=837"}],"version-history":[{"count":1,"href":"https:\/\/www.paparazzinews.com.br\/index.php?rest_route=\/wp\/v2\/posts\/837\/revisions"}],"predecessor-version":[{"id":839,"href":"https:\/\/www.paparazzinews.com.br\/index.php?rest_route=\/wp\/v2\/posts\/837\/revisions\/839"}],"wp:featuredmedia":[{"embeddable":true,"href":"https:\/\/www.paparazzinews.com.br\/index.php?rest_route=\/wp\/v2\/media\/838"}],"wp:attachment":[{"href":"https:\/\/www.paparazzinews.com.br\/index.php?rest_route=%2Fwp%2Fv2%2Fmedia&parent=837"}],"wp:term":[{"taxonomy":"category","embeddable":true,"href":"https:\/\/www.paparazzinews.com.br\/index.php?rest_route=%2Fwp%2Fv2%2Fcategories&post=837"},{"taxonomy":"post_tag","embeddable":true,"href":"https:\/\/www.paparazzinews.com.br\/index.php?rest_route=%2Fwp%2Fv2%2Ftags&post=837"}],"curies":[{"name":"wp","href":"https:\/\/api.w.org\/{rel}","templated":true}]}}